{"id":4703,"date":"2023-08-21T19:17:00","date_gmt":"2023-08-21T17:17:00","guid":{"rendered":"https:\/\/www.assap.ad\/?p=4703"},"modified":"2024-09-17T15:51:23","modified_gmt":"2024-09-17T13:51:23","slug":"cambio-de-hora-estacional","status":"publish","type":"post","link":"https:\/\/www.assap.ad\/es\/seguros-andorra\/blog\/cambio-de-hora-estacional\/","title":{"rendered":"Cambio de hora estacional"},"content":{"rendered":"\n<p>La noche del s\u00e1bado tendremos que adelantar el reloj una hora, es decir, a las 02hrs ser\u00e1n las 03hrs y as\u00ed daremos la bienvenida al horario de verano.<\/p>\n\n\n\n<p>De momento hasta el 2021, tal y como ha anunciado el parlamento Europeo, no ser\u00e1 efectiva la eliminaci\u00f3n del cambio de hora estacional. En abril del 2020 los estados europeos tendr\u00e1n que comunicar qu\u00e9 horario escoger\u00e1n, si el de verano o el de invierno.<\/p>\n\n\n\n<p>En Espa\u00f1a, la portavoz del Gobierno y ministra de educaci\u00f3n, Isabel Cela\u00e1, ha declarado que todo y haber estudiado el informe de la comisi\u00f3n de expertos, no se plantea ning\u00fan cambio. Tambi\u00e9n indic\u00f3 que no hab\u00edan llegado a ninguna resoluci\u00f3n concluyente referente a la gran cantidad de repercusiones que esta podr\u00eda tener a nivel econ\u00f3mico y cultural.<\/p>\n\n\n\n<p>Tendremos que esperar hasta el a\u00f1o que viene, para ver si Espa\u00f1a, y en su defecto Andorra, cu\u00e1l de los horarios escoge como definitivo.<\/p>\n\n\n\n<p>\u00bfY t\u00fa, qu\u00e9 horario prefieres, el de verano o el de invierno? Expl\u00edcanoslo!<\/p>\n\n\n\n<p><a href=\"https:\/\/www.assap.ad\/es\">https:\/\/www.assap.ad\/es<\/a><\/p>\n","protected":false},"excerpt":{"rendered":"<p>La noche del s\u00e1bado tendremos que adelantar el reloj una hora, es decir, a las 02hrs ser\u00e1n las 03hrs y as\u00ed daremos la bienvenida al horario de verano. De momento hasta el 2021, tal y como ha anunciado el parlamento Europeo, no ser\u00e1 efectiva la eliminaci\u00f3n del cambio de hora estacional. En abril del 2020 [&hellip;]<\/p>\n","protected":false},"author":1,"featured_media":4704,"comment_status":"closed","ping_status":"closed","sticky":false,"template":"","format":"standard","meta":{"_acf_changed":false,"_et_pb_use_builder":"","_et_pb_old_content":"","_et_gb_content_width":"","inline_featured_image":false,"footnotes":""},"categories":[65],"tags":[],"class_list":["post-4703","post","type-post","status-publish","format-standard","has-post-thumbnail","hentry","category-blog"],"acf":[],"_links":{"self":[{"href":"https:\/\/www.assap.ad\/es\/wp-json\/wp\/v2\/posts\/4703","targetHints":{"allow":["GET"]}}],"collection":[{"href":"https:\/\/www.assap.ad\/es\/wp-json\/wp\/v2\/posts"}],"about":[{"href":"https:\/\/www.assap.ad\/es\/wp-json\/wp\/v2\/types\/post"}],"author":[{"embeddable":true,"href":"https:\/\/www.assap.ad\/es\/wp-json\/wp\/v2\/users\/1"}],"replies":[{"embeddable":true,"href":"https:\/\/www.assap.ad\/es\/wp-json\/wp\/v2\/comments?post=4703"}],"version-history":[{"count":1,"href":"https:\/\/www.assap.ad\/es\/wp-json\/wp\/v2\/posts\/4703\/revisions"}],"predecessor-version":[{"id":4705,"href":"https:\/\/www.assap.ad\/es\/wp-json\/wp\/v2\/posts\/4703\/revisions\/4705"}],"wp:featuredmedia":[{"embeddable":true,"href":"https:\/\/www.assap.ad\/es\/wp-json\/wp\/v2\/media\/4704"}],"wp:attachment":[{"href":"https:\/\/www.assap.ad\/es\/wp-json\/wp\/v2\/media?parent=4703"}],"wp:term":[{"taxonomy":"category","embeddable":true,"href":"https:\/\/www.assap.ad\/es\/wp-json\/wp\/v2\/categories?post=4703"},{"taxonomy":"post_tag","embeddable":true,"href":"https:\/\/www.assap.ad\/es\/wp-json\/wp\/v2\/tags?post=4703"}],"curies":[{"name":"wp","href":"https:\/\/api.w.org\/{rel}","templated":true}]}}