{"id":4709,"date":"2023-08-21T19:26:00","date_gmt":"2023-08-21T17:26:00","guid":{"rendered":"https:\/\/www.assap.ad\/?p=4709"},"modified":"2024-09-17T15:51:23","modified_gmt":"2024-09-17T13:51:23","slug":"destinos-con-ninos-en-semana-santa","status":"publish","type":"post","link":"https:\/\/www.assap.ad\/es\/seguros-andorra\/blog\/destinos-con-ninos-en-semana-santa\/","title":{"rendered":"Destinos con ni\u00f1os en Semana Santa"},"content":{"rendered":"\n<p>Con la llegada de la primavera y el buen tiempo, las vacaciones de semana santa en familia son las mejores para quitarnos el gusanillo antes de las vacaciones oficiales de verano. Si eres de los afortunados que puedes disfrutar de ellas, te proponemos algunos destinos ideales para ir con los peques.<\/p>\n\n\n\n<p><strong><u>Sobre ruedas,&nbsp;<\/u><\/strong><a href=\"http:\/\/www.viasverdes.com\/\" rel=\"nofollow noopener\" target=\"_blank\"><strong>v\u00edas verdes<\/strong><\/a><\/p>\n\n\n\n<p>Hay muchas maneras de hacer ciclo turismo en familia, pero una apuesta&nbsp; segura es hacerlo con las \u201cv\u00edas verdes\u201d que puedes encontrar hasta 125 itinerarios&nbsp; por toda Espa\u00f1a en las que aseguran que todas las rutas son aptas para los m\u00e1s peque\u00f1os de la familia, ya que son v\u00edas asfaltadas o de tierra compacta y que no representan desniveles importantes.&nbsp;<\/p>\n\n\n\n<p><em>\u00abV\u00eda Verde\u00bb es una marca registrada por la Fundaci\u00f3n de los Ferrocarriles Espa\u00f1oles (FFE) en la Oficina Espa\u00f1ola de Patentes y Marcas en 1994, cuyo uso est\u00e1 legalmente restringido a los itinerarios que discurren sobre antiguas infraestructuras ferroviarias.&nbsp;<\/em><\/p>\n\n\n\n<p><strong><u>Camping Resort<\/u><\/strong><\/p>\n\n\n\n<p>Reservar un&nbsp;<em>bungalow<\/em>&nbsp;en uno de estos campings que cuentan con muchas actividades para los m\u00e1s peque\u00f1os y en los que podr\u00e9is disfrutar de muchos planes en familia.&nbsp;<\/p>\n\n\n\n<ul class=\"wp-block-list\">\n<li><a href=\"https:\/\/www.booking.com\/hotel\/es\/camping-internacional-la-marina.es.html?aid=837601\" target=\"_blank\" rel=\"noreferrer noopener nofollow\">La Marina Camping &amp; Resort, en Alicante<\/a><\/li>\n<\/ul>\n\n\n\n<p>Situado en plena naturaleza y a muy pocos metros de las playas de Elche.<\/p>\n\n\n\n<ul class=\"wp-block-list\">\n<li><a href=\"https:\/\/www.booking.com\/hotel\/es\/berga-resort-the-mountain-and-wellness-center-spa.es.html?aid=837601\" target=\"_blank\" rel=\"noreferrer noopener nofollow\">Camping Berga Resort, en Barcelona<\/a><\/li>\n<\/ul>\n\n\n\n<p>Situado en el pirineo catal\u00e1n, genial para los amantes del senderismo.<\/p>\n\n\n\n<ul class=\"wp-block-list\">\n<li><a href=\"https:\/\/www.booking.com\/hotel\/es\/camping-bassegoda-park.es.html?aid=837601\" target=\"_blank\" rel=\"noreferrer noopener nofollow\">Camping Bassegoda Park, en Girona<\/a><\/li>\n<\/ul>\n\n\n\n<p>Situado en la orilla del rio Muga.&nbsp;<\/p>\n\n\n\n<ul class=\"wp-block-list\">\n<li><a href=\"https:\/\/www.booking.com\/hotel\/es\/camping-cabopino.es.html?aid=837601\" target=\"_blank\" rel=\"noreferrer noopener nofollow\">Camping Cabopino, en M\u00e1laga<\/a><\/li>\n<\/ul>\n\n\n\n<p>Situado a muy pocos metros de las dunas de una de las playas de Marbella.&nbsp;<\/p>\n\n\n\n<p><strong><u>Alentejo de Portugal<\/u><\/strong><\/p>\n\n\n\n<p>Es una regi\u00f3n de Portugal que se encuentra entre Lisboa y el Algarve, y seguro que si vas te enamoras, ya que con sus paisajes de playas y castillos es una de las zonas m\u00e1s bellas de todo Portugal y catalogada como patrimonio de la humanidad.<\/p>\n\n\n\n<p><strong><u>Apurar la temporada de nieve&nbsp;<\/u><\/strong><\/p>\n\n\n\n<p>Y para los que les da mucha pereza hacer maletas, siempre puedes quedarte y disfrutar de la cuenta atr\u00e1s de la pr\u00e1ctica del esqu\u00ed o del snow.<\/p>\n\n\n\n<p>T\u00fa viaja tranquilo que&nbsp;<a href=\"https:\/\/www.assap.ad\/es\/seguros-andorra\/asistencia-en-viaje\">nosotros<\/a>&nbsp;ya nos ocupamos de que as\u00ed sea !<\/p>\n","protected":false},"excerpt":{"rendered":"<p>Con la llegada de la primavera y el buen tiempo, las vacaciones de semana santa en familia son las mejores para quitarnos el gusanillo antes de las vacaciones oficiales de verano. Si eres de los afortunados que puedes disfrutar de ellas, te proponemos algunos destinos ideales para ir con los peques. Sobre ruedas,&nbsp;v\u00edas verdes Hay [&hellip;]<\/p>\n","protected":false},"author":1,"featured_media":4710,"comment_status":"closed","ping_status":"closed","sticky":false,"template":"","format":"standard","meta":{"_acf_changed":false,"_et_pb_use_builder":"","_et_pb_old_content":"","_et_gb_content_width":"","inline_featured_image":false,"footnotes":""},"categories":[65],"tags":[],"class_list":["post-4709","post","type-post","status-publish","format-standard","has-post-thumbnail","hentry","category-blog"],"acf":[],"_links":{"self":[{"href":"https:\/\/www.assap.ad\/es\/wp-json\/wp\/v2\/posts\/4709","targetHints":{"allow":["GET"]}}],"collection":[{"href":"https:\/\/www.assap.ad\/es\/wp-json\/wp\/v2\/posts"}],"about":[{"href":"https:\/\/www.assap.ad\/es\/wp-json\/wp\/v2\/types\/post"}],"author":[{"embeddable":true,"href":"https:\/\/www.assap.ad\/es\/wp-json\/wp\/v2\/users\/1"}],"replies":[{"embeddable":true,"href":"https:\/\/www.assap.ad\/es\/wp-json\/wp\/v2\/comments?post=4709"}],"version-history":[{"count":1,"href":"https:\/\/www.assap.ad\/es\/wp-json\/wp\/v2\/posts\/4709\/revisions"}],"predecessor-version":[{"id":4711,"href":"https:\/\/www.assap.ad\/es\/wp-json\/wp\/v2\/posts\/4709\/revisions\/4711"}],"wp:featuredmedia":[{"embeddable":true,"href":"https:\/\/www.assap.ad\/es\/wp-json\/wp\/v2\/media\/4710"}],"wp:attachment":[{"href":"https:\/\/www.assap.ad\/es\/wp-json\/wp\/v2\/media?parent=4709"}],"wp:term":[{"taxonomy":"category","embeddable":true,"href":"https:\/\/www.assap.ad\/es\/wp-json\/wp\/v2\/categories?post=4709"},{"taxonomy":"post_tag","embeddable":true,"href":"https:\/\/www.assap.ad\/es\/wp-json\/wp\/v2\/tags?post=4709"}],"curies":[{"name":"wp","href":"https:\/\/api.w.org\/{rel}","templated":true}]}}