{"id":4721,"date":"2023-08-21T19:49:00","date_gmt":"2023-08-21T17:49:00","guid":{"rendered":"https:\/\/www.assap.ad\/?p=4721"},"modified":"2024-09-17T15:51:23","modified_gmt":"2024-09-17T13:51:23","slug":"agenda-conciertos-2019","status":"publish","type":"post","link":"https:\/\/www.assap.ad\/es\/seguros-andorra\/blog\/agenda-conciertos-2019\/","title":{"rendered":"Agenda Conciertos 2019"},"content":{"rendered":"\n<p>Ya nos gustar\u00eda poder asistir a todas, pero es pr\u00e1cticamente imposible, as\u00ed que para&nbsp;los afortunados que ya ten\u00e9is alguna entrada o para&nbsp;los que ahora os enter\u00e1is de todo lo&nbsp;que est\u00e1 por venir, os detallamos a continuaci\u00f3n los conciertos que tendremos \u00abcerca\u00bb de casa de las pr\u00f3ximas giras internacionales.<br>&nbsp;<\/p>\n\n\n\n<ul class=\"wp-block-list\">\n<li>Morat<\/li>\n<\/ul>\n\n\n\n<p>El cuarteto colombiano de pop este 2019 aterrizar\u00e1n el 12 de mayo en el&nbsp;WiZink&nbsp;Center&nbsp;de Madrid, y el 18 de mayo en el Sant Jordi Club de Barcelona.<\/p>\n\n\n\n<ul class=\"wp-block-list\">\n<li>Backstreet\u00a0Boys<\/li>\n<\/ul>\n\n\n\n<p>La \u00abband&nbsp;boy\u00bb&nbsp;por&nbsp;excelencia&nbsp;de los a\u00f1os 90, presentar\u00e1 en Espa\u00f1a la suya gira mundial el 13 de mayo en el&nbsp;WiZink&nbsp;Center&nbsp;de Madrid y el 17 de mayo en el Palau Sant Jordi de Barcelona.<\/p>\n\n\n\n<ul class=\"wp-block-list\">\n<li>Rammstein<\/li>\n<\/ul>\n\n\n\n<p>La banda de&nbsp;Metal&nbsp;alemana, ya ha agotado las entradas para su \u00fanico concierto en Espa\u00f1a, que ser\u00e1 el 01 de Junio en el&nbsp;estadio del Real&nbsp;ClubDeportivo&nbsp;Espanyol de Barcelona.<\/p>\n\n\n\n<ul class=\"wp-block-list\">\n<li>Ed\u00a0Sheeran<\/li>\n<\/ul>\n\n\n\n<p>En las tres primeras horas de salir a la venta las entradas pr\u00e1cticamente ya se agotaron, 7 de junio en el Estadio Ol\u00edmpico de&nbsp;Montjuic&nbsp;y 11 de junio en el&nbsp;Wanda&nbsp;Metropolitano.<\/p>\n\n\n\n<ul class=\"wp-block-list\">\n<li>Elton\u00a0John<\/li>\n<\/ul>\n\n\n\n<p>La despedida del grande&nbsp;Sir&nbsp;Elton&nbsp;John tambi\u00e9n tiene las entradas agotadas, pero si tienes oportunidad de desplazarte m\u00e1s lejos, inf\u00f3rmate de las 300 fechas de su gira mundial. El 26 de junio en el WiZink&nbsp;Center.<\/p>\n\n\n\n<ul class=\"wp-block-list\">\n<li>Bon\u00a0Jovi<\/li>\n<\/ul>\n\n\n\n<p>Tocar\u00e1 el pr\u00f3ximo 7 de julio en Madrid para presentar la \u00faltima obra, \u00abThis&nbsp;house&nbsp;is&nbsp;not&nbsp;for sale\u00bb (2016).<\/p>\n\n\n\n<ul class=\"wp-block-list\">\n<li>Muse<\/li>\n<\/ul>\n\n\n\n<p>El tr\u00edo brit\u00e1nico de rock hace parada de su&nbsp;gira mundial en el&nbsp;Wanda&nbsp;Metropolitano&nbsp;de Madrid el 26 de julio. An\u00edmate que todav\u00eda quedan entradas!<\/p>\n\n\n\n<ul class=\"wp-block-list\">\n<li>Michael\u00a0Bubl\u00e9<\/li>\n<\/ul>\n\n\n\n<p>El canadiense acaba de publicar su \u00e1lbum&nbsp;\u201cLove\u201d que presentar\u00e1 en el&nbsp;Palau Sant Jordi y en el&nbsp;&nbsp;WiZink Center&nbsp;los d\u00edas 27 y 28 de septiembre.<\/p>\n\n\n\n<ul class=\"wp-block-list\">\n<li>Alejandro Sanz<\/li>\n<\/ul>\n\n\n\n<p>Uno de los grandes artistas espa\u00f1oles har\u00e1 solo cuatro conciertos en Espa\u00f1a: Sevilla 1 de junio, Barcelona 8 de junio, Madrid 15 de junio, y en Elche&nbsp;21 de junio.<\/p>\n\n\n\n<p>Porque sin m\u00fasica no se puede vivir! As\u00ed que disfruta de los buenos artistas, siempre que puedas!<\/p>\n","protected":false},"excerpt":{"rendered":"<p>Ya nos gustar\u00eda poder asistir a todas, pero es pr\u00e1cticamente imposible, as\u00ed que para&nbsp;los afortunados que ya ten\u00e9is alguna entrada o para&nbsp;los que ahora os enter\u00e1is de todo lo&nbsp;que est\u00e1 por venir, os detallamos a continuaci\u00f3n los conciertos que tendremos \u00abcerca\u00bb de casa de las pr\u00f3ximas giras internacionales.&nbsp; El cuarteto colombiano de pop este 2019 [&hellip;]<\/p>\n","protected":false},"author":1,"featured_media":4722,"comment_status":"closed","ping_status":"closed","sticky":false,"template":"","format":"standard","meta":{"_acf_changed":false,"_et_pb_use_builder":"","_et_pb_old_content":"","_et_gb_content_width":"","inline_featured_image":false,"footnotes":""},"categories":[65],"tags":[],"class_list":["post-4721","post","type-post","status-publish","format-standard","has-post-thumbnail","hentry","category-blog"],"acf":[],"_links":{"self":[{"href":"https:\/\/www.assap.ad\/es\/wp-json\/wp\/v2\/posts\/4721","targetHints":{"allow":["GET"]}}],"collection":[{"href":"https:\/\/www.assap.ad\/es\/wp-json\/wp\/v2\/posts"}],"about":[{"href":"https:\/\/www.assap.ad\/es\/wp-json\/wp\/v2\/types\/post"}],"author":[{"embeddable":true,"href":"https:\/\/www.assap.ad\/es\/wp-json\/wp\/v2\/users\/1"}],"replies":[{"embeddable":true,"href":"https:\/\/www.assap.ad\/es\/wp-json\/wp\/v2\/comments?post=4721"}],"version-history":[{"count":1,"href":"https:\/\/www.assap.ad\/es\/wp-json\/wp\/v2\/posts\/4721\/revisions"}],"predecessor-version":[{"id":4723,"href":"https:\/\/www.assap.ad\/es\/wp-json\/wp\/v2\/posts\/4721\/revisions\/4723"}],"wp:featuredmedia":[{"embeddable":true,"href":"https:\/\/www.assap.ad\/es\/wp-json\/wp\/v2\/media\/4722"}],"wp:attachment":[{"href":"https:\/\/www.assap.ad\/es\/wp-json\/wp\/v2\/media?parent=4721"}],"wp:term":[{"taxonomy":"category","embeddable":true,"href":"https:\/\/www.assap.ad\/es\/wp-json\/wp\/v2\/categories?post=4721"},{"taxonomy":"post_tag","embeddable":true,"href":"https:\/\/www.assap.ad\/es\/wp-json\/wp\/v2\/tags?post=4721"}],"curies":[{"name":"wp","href":"https:\/\/api.w.org\/{rel}","templated":true}]}}