{"id":4778,"date":"2024-08-22T07:04:07","date_gmt":"2024-08-22T05:04:07","guid":{"rendered":"https:\/\/www.assap.ad\/?p=4778"},"modified":"2025-03-21T15:48:30","modified_gmt":"2025-03-21T14:48:30","slug":"seguros-para-autonomos-empresarios","status":"publish","type":"post","link":"https:\/\/www.assap.ad\/es\/seguros-andorra\/blog\/seguros-para-autonomos-empresarios\/","title":{"rendered":"Seguros para aut\u00f3nomos, \u00bfpor qu\u00e9 y cu\u00e1les son necesarios?"},"content":{"rendered":"\n<p>Los aut\u00f3nomos o trabajadores por cuenta propia suelen estar en desventaja respecto a los asalariados o empleados en cualquier actividad.<\/p>\n\n\n\n<p>Tienen que tener muy claro y hacerse cargo qu\u00e9 necesitan para hacer frente a&nbsp;<strong>cualquier imprevisto&nbsp;<\/strong>que se les pueda surgir, como por ejemplo una&nbsp;<strong>baja laboral o inactividad del negocio por un ataque inform\u00e1tico<\/strong>. Tambi\u00e9n depender\u00e1 de la actividad del negocio o comercio. Las necesidades y\/o&nbsp;<strong>coberturas no ser\u00e1n las mismas<\/strong>&nbsp;para un comercio de servicios on-line o para una florister\u00eda, por contra tambi\u00e9n si se tienen o no empleados.<\/p>\n\n\n\n<p>A continuaci\u00f3n te detallamos qu\u00e9\u00a0<strong>seguros para aut\u00f3nomos de empresa y de salud<\/strong>, son\u00a0<strong>obligatorios<\/strong>\u00a0y las\u00a0<strong>recomendables<\/strong>:<br>\u00a0<\/p>\n\n\n\n<h3 class=\"wp-block-heading\"><strong>Seguro Multirriesgo, Pyme y\/o Comercio<\/strong><br>&nbsp;<\/h3>\n\n\n\n<ul class=\"wp-block-list\">\n<li>En el caso de una&nbsp;<strong><a href=\"https:\/\/www.assap.ad\/es\/seguros-andorra\/multirriesgo\">Pyme<\/a><\/strong>:&nbsp;<strong>Seguro obligatorio<\/strong>, en el caso de tener una&nbsp;<strong>empresa<\/strong>, en la que se aseguran las garant\u00edas b\u00e1sicas como por ejemplo&nbsp;<strong>incendio, robo y explotaci\u00f3n<\/strong>, adem\u00e1s de c<strong>oberturas<\/strong><strong>&nbsp;espec\u00edficas y adaptadas<\/strong>&nbsp;seg\u00fan la actividad y particularidades de tu negocio o empresa.<br>Por ejemplo si un empleado causa da\u00f1os personales o materiales a terceros est\u00e1n cubiertas los gastos ocasionados a un tercero.<\/li>\n\n\n\n<li>En el caso de&nbsp;<a href=\"https:\/\/www.assap.ad\/es\/seguros-andorra\/multirriesgo\"><strong>Comercio<\/strong><\/a>:&nbsp;<strong>Seguro obligatorio<\/strong>, que asegura el local y tus bienes ante cualquier contratiempo que pueda afectar a tu actividad comercial. Con una amplia&nbsp;<strong>cobertura en el continente y en el contenido<\/strong>&nbsp;ante posibles&nbsp;<strong>da\u00f1os producidos por los siniestros m\u00e1s habituales<\/strong>.<br>Por ejemplo si a ra\u00edz de un siniestro no puedes abrir tu negocio, recuperas las p\u00e9rdidas econ\u00f3micas hasta el periodo de contrataci\u00f3n.<br>&nbsp;<\/li>\n<\/ul>\n\n\n\n<h3 class=\"wp-block-heading\"><strong>Seguro de RC, responsabilidad civil<\/strong><br>&nbsp;<\/h3>\n\n\n\n<ul class=\"wp-block-list\">\n<li><strong>Cubre los perjuicios econ\u00f3micos, los da\u00f1os personales y materiales<\/strong>&nbsp;producidos a&nbsp;<strong>terceros<\/strong>&nbsp;con responsabilidad del empresario o aut\u00f3nomo. Con&nbsp;<strong>coberturas espec\u00edficas de&nbsp;<\/strong><a href=\"https:\/\/www.assap.ad\/es\/seguros-andorra\/tecnicos\">responsabilidad civil de explotaci\u00f3n y responsabilidad civil para profesionales liberales<\/a>.<br>Por ejemplo si eres un pintor y en tu actividad profesional se te cae el bote de pintura encima de un coche estacionado, tendr\u00e1s cubiertos los gastos de los desperfectos.<br>&nbsp;<\/li>\n<\/ul>\n\n\n\n<h3 class=\"wp-block-heading\"><strong>Seguros de salud<\/strong><br>&nbsp;<\/h3>\n\n\n\n<p>Estos son&nbsp;<strong>muy recomendables<\/strong>, puesto que los aut\u00f3nomos con lo que cotizan a&nbsp;<strong>la Cass no es suficiente<\/strong>&nbsp;para hacer frente a cualquier&nbsp;<a href=\"https:\/\/www.assap.ad\/es\/seguros-andorra\/seguros-salud\">imprevisto m\u00e9dico<\/a>.<br>Por ejemplo, sabes cu\u00e1les son las ayudas por invalidez total o parcial de la Cass? Sabes que cobrar\u00edas en el momento de sufrir una baja, por ser aut\u00f3nomo?<br>&nbsp;<\/p>\n\n\n\n<ul class=\"wp-block-list\">\n<li><strong>Subsidio:<\/strong>Recomendable para empleados o aut\u00f3nomos que cotizan&nbsp;<strong>a la Seguridad Social andorrana<\/strong>&nbsp;y que quieren&nbsp;<a href=\"https:\/\/www.assap.ad\/es\/seguros-andorra\/salud\/complemento-salarial\">garantizar el 100% de su salario<\/a>&nbsp;o de sus ingresos mensuales. Tendr\u00e1s cubierto el 100% de tu salario en caso de baja.<br>Por ejemplo, si sufres una baja que te impide continuar trabajando, te garantizar\u00e1s la totalidad de tu sueldo.<br>&nbsp;<\/li>\n\n\n\n<li><strong>Complemento Cass:<\/strong>Garantiza el reembolso de la parte&nbsp;<strong>complementaria<\/strong>&nbsp;que no nos abona la CASS (25% en el caso general). Assap dispone del&nbsp;<a href=\"https:\/\/www.assap.ad\/es\/seguros-andorra\/salud\/complemento-cass-ampliado\">Complemento Cass ampliado<\/a>&nbsp;que adem\u00e1s de cubrir el retorno del 25% del total del gasto m\u00e9dico y farmac\u00e9utico realizado por el asegurado o sus beneficiarios (y que no queda cubierto por la Caja Andorrana de la Seguridad Social), garantiza el&nbsp;<strong>reembolso<\/strong>&nbsp;de los&nbsp;<strong>gastos m\u00e9dicos en centros concertados de Espa\u00f1a<\/strong>.<br>Por ejemplo, si te han hecho una prueba m\u00e9dica en un centro de prestigio en Barcelona y que es uno de los centros concertados por la compa\u00f1\u00eda, te devolver\u00e1n la totalidad de los gastos.<br>&nbsp;<\/li>\n\n\n\n<li><strong>Vida:<\/strong>No solo est\u00e1 pensada en caso de&nbsp;<strong><a href=\"https:\/\/www.assap.ad\/es\/seguros-andorra\/vida-y-accidentes\/seguro-de-vida\">defunci\u00f3n<\/a><\/strong>, sino tambi\u00e9n ante alguna&nbsp;<strong><a href=\"https:\/\/www.assap.ad\/es\/seguros-andorra\/vida-y-accidentes\/seguro-de-vida\">incapacidad<\/a>&nbsp;permanente o absoluta<\/strong>&nbsp;que te impida seguir trabajando. Por ejemplo en caso de muerte y\/o invalidez, tu familia podr\u00e1 continuar durante 3 a\u00f1os su nivel de vida actual.<br>Por ejemplo en caso de sufrir una invalidez y no poder ingresar ning\u00fan sueldo en el n\u00facleo familiar, tendr\u00e1s cubierta los gastos de la hipoteca.<br>&nbsp;<\/li>\n\n\n\n<li><strong>Accidentes:<\/strong>Este&nbsp;<strong>seguro<\/strong>&nbsp;es&nbsp;<strong>imprescindible<\/strong>&nbsp;si desarrollas tu&nbsp;<strong>actividad<\/strong>&nbsp;siempre en&nbsp;<strong>coche<\/strong>&nbsp;y est\u00e1s continuamente haciendo&nbsp;<strong>desplazamientos<\/strong>&nbsp;dentro y\/o fuera de Andorra. Garantiza una indemnizaci\u00f3n para los beneficiarios en&nbsp;<strong>caso<\/strong>&nbsp;de&nbsp;<a href=\"https:\/\/www.assap.ad\/es\/seguros-andorra\/vida-y-accidentes\/seguro-de-accidentes\"><strong>accidente<\/strong><\/a>&nbsp;del asegurado que provoque el&nbsp;<a href=\"https:\/\/www.assap.ad\/es\/seguros-andorra\/vida-y-accidentes\/seguro-de-accidentes\">deceso o la invalidez parcial \/ absoluta<\/a>.<br><strong>Recomendada<\/strong>tambi\u00e9n para personas que trabajan en una&nbsp;<a href=\"https:\/\/www.assap.ad\/es\/seguros-andorra\/vida-y-accidentes\/seguro-de-accidentes\">profesi\u00f3n de riesgo<\/a>.<br>Por ejemplo sufres un accidente de tr\u00e1fico y te quedas inv\u00e1lido tienes cubiertas todos los gastos m\u00e9dicos y econ\u00f3micas; O solo sufres una baja temporal, tienes cubiertas tambi\u00e9n los gastos econ\u00f3micos.<br>&nbsp;<\/li>\n\n\n\n<li><strong>Seguro de Ciber protecci\u00f3n<\/strong>Este&nbsp;<strong>seguro<\/strong>&nbsp;est\u00e1 pensado para&nbsp;<strong>empresas y comercios on-line<\/strong>, es adecuado para estar&nbsp;<strong>protegido<\/strong>&nbsp;ante cualquier incidencia de este tipo. La prevenci\u00f3n es la mejor manera de proteger tu negocio, y garantizar la&nbsp;<strong>m\u00e1xima seguridad<\/strong>, puesto que cuenta con algunas de las siguientes coberturas:&nbsp;<strong>protecci\u00f3n ante un robo, extorsi\u00f3n, p\u00e9rdidas por interrupci\u00f3n de la actividad o por fuga de datos, cobertura de da\u00f1os, y sobre otros problemas que pueden derivarse de un&nbsp;<a href=\"https:\/\/www.assap.ad\/es\/seguros-andorra\/blog\/razones-para-contratar-un-seguro-de-ciber-riesgo\">ciberataque<\/a><\/strong>. La pregunta a hacerte es: Por qu\u00e9 necesito una&nbsp;<a href=\"https:\/\/www.assap.ad\/es\/seguros-andorra\/blog\/razones-para-contratar-un-seguro-de-ciber-riesgo\">ciber seguro<\/a>? Mi empresa podr\u00eda hacer frente a un&nbsp;<strong>Ciberataque<\/strong>? Podr\u00eda hacer frente, por ejemplo, a la paralizaci\u00f3n del negocio o a una<strong>&nbsp;extorsi\u00f3n por robo de informaci\u00f3n<\/strong>?<br>Rehacerse de un ataque puede costar mucho dinero, el coste mediano por ataque es de 50.000\u20ac, y un 60% de las empresas que han sufrido un ciberataque tiene que cerrar unos 6 meses despu\u00e9s. Por este hecho es muy recomendable y dependiendo de la actividad de tu negocio, es indispensable contratar un seguro de Ciber protecci\u00f3n.<br><em>Por ejemplo si un pirata inform\u00e1tico accede a su sistema y le impide acceder a sus archivos, lo restauraremos porque pueda seguir trabajando.<br>&nbsp;<\/em><\/li>\n<\/ul>\n\n\n\n<h3 class=\"wp-block-heading\"><em><strong>Seguro de veh\u00edculos<\/strong><br>&nbsp;<\/em><\/h3>\n\n\n\n<ul class=\"wp-block-list\">\n<li>En el caso de tener uno o varios&nbsp;<strong><a href=\"https:\/\/www.assap.ad\/es\/seguros-andorra\/seguros-para-vehiculos\">veh\u00edculos de empresa<\/a>&nbsp;<\/strong>habr\u00e1 que tenerlos asegurados. Por ejemplo, si el&nbsp;<strong>veh\u00edculo<\/strong>&nbsp;es&nbsp;<strong>nuevo<\/strong>, se tendr\u00e1 que contratar a&nbsp;<strong>Todo Riesgo<\/strong>&nbsp;y tener cubierto todos los gastos a terceros, derivados de un accidente por causa nuestra, y adem\u00e1s, los da\u00f1os propios.<br>Por ejemplo, si alguien te roba el coche, te pagamos el coste de un coche nuevo, mismo valor durante los 2 y\/o 3 primeros a\u00f1os.<\/li>\n<\/ul>\n","protected":false},"excerpt":{"rendered":"<p>Los aut\u00f3nomos o trabajadores por cuenta propia suelen estar en desventaja respecto a los asalariados o empleados en cualquier actividad. Tienen que tener muy claro y hacerse cargo qu\u00e9 necesitan para hacer frente a&nbsp;cualquier imprevisto&nbsp;que se les pueda surgir, como por ejemplo una&nbsp;baja laboral o inactividad del negocio por un ataque inform\u00e1tico. Tambi\u00e9n depender\u00e1 de [&hellip;]<\/p>\n","protected":false},"author":1,"featured_media":4779,"comment_status":"closed","ping_status":"closed","sticky":false,"template":"","format":"standard","meta":{"_acf_changed":false,"_et_pb_use_builder":"","_et_pb_old_content":"","_et_gb_content_width":"","inline_featured_image":false,"footnotes":""},"categories":[65],"tags":[],"class_list":["post-4778","post","type-post","status-publish","format-standard","has-post-thumbnail","hentry","category-blog"],"acf":[],"_links":{"self":[{"href":"https:\/\/www.assap.ad\/es\/wp-json\/wp\/v2\/posts\/4778","targetHints":{"allow":["GET"]}}],"collection":[{"href":"https:\/\/www.assap.ad\/es\/wp-json\/wp\/v2\/posts"}],"about":[{"href":"https:\/\/www.assap.ad\/es\/wp-json\/wp\/v2\/types\/post"}],"author":[{"embeddable":true,"href":"https:\/\/www.assap.ad\/es\/wp-json\/wp\/v2\/users\/1"}],"replies":[{"embeddable":true,"href":"https:\/\/www.assap.ad\/es\/wp-json\/wp\/v2\/comments?post=4778"}],"version-history":[{"count":2,"href":"https:\/\/www.assap.ad\/es\/wp-json\/wp\/v2\/posts\/4778\/revisions"}],"predecessor-version":[{"id":12603,"href":"https:\/\/www.assap.ad\/es\/wp-json\/wp\/v2\/posts\/4778\/revisions\/12603"}],"wp:featuredmedia":[{"embeddable":true,"href":"https:\/\/www.assap.ad\/es\/wp-json\/wp\/v2\/media\/4779"}],"wp:attachment":[{"href":"https:\/\/www.assap.ad\/es\/wp-json\/wp\/v2\/media?parent=4778"}],"wp:term":[{"taxonomy":"category","embeddable":true,"href":"https:\/\/www.assap.ad\/es\/wp-json\/wp\/v2\/categories?post=4778"},{"taxonomy":"post_tag","embeddable":true,"href":"https:\/\/www.assap.ad\/es\/wp-json\/wp\/v2\/tags?post=4778"}],"curies":[{"name":"wp","href":"https:\/\/api.w.org\/{rel}","templated":true}]}}