{"id":4784,"date":"2023-08-22T07:11:00","date_gmt":"2023-08-22T05:11:00","guid":{"rendered":"https:\/\/www.assap.ad\/?p=4784"},"modified":"2024-09-17T15:51:20","modified_gmt":"2024-09-17T13:51:20","slug":"neumaticos-de-invierno-o-cadenas-por-que-hacen-falta-son-obligatorios","status":"publish","type":"post","link":"https:\/\/www.assap.ad\/es\/seguros-andorra\/blog\/neumaticos-de-invierno-o-cadenas-por-que-hacen-falta-son-obligatorios\/","title":{"rendered":"\u00bfNeum\u00e1ticos de invierno o cadenas? \u00bfPor qu\u00e9 hacen falta? \u00bfSon obligatorios?"},"content":{"rendered":"\n<p>En Andorra, a partir del&nbsp;<strong>1 de noviembre y hasta el 15 de mayo, es obligatorio llevar los veh\u00edculos con equipamientos especiales.<\/strong><\/p>\n\n\n\n<p>Somos un&nbsp;<strong>pa\u00eds de nieve<\/strong>, y como es debido, tenemos que&nbsp;<strong>asegurarnos en circular por nuestras carreteras lo m\u00e1s seguros posible<\/strong>. A parte, tambi\u00e9n hay&nbsp;<strong>sanciones<\/strong>&nbsp;por parte del cuerpo policial, que pueden ir desde los 180\u20ac hasta los 500\u20ac.<\/p>\n\n\n\n<h2 class=\"wp-block-heading\">Pero que pasa, cuando conducimos sin ruedas de invierno con nieve o hielo?<\/h2>\n\n\n\n<p>Seguramente, lo primero que suceder\u00e1 ser\u00e1&nbsp;<strong>perder el control del veh\u00edculo<\/strong>&nbsp;y no tendremos respuesta de los frenos del mismo, por lo tanto,&nbsp;<strong>sufriremos un accidente de coche en la nieve<\/strong>. El cual puede tener consecuencias muy negativas, puesto que&nbsp;<strong>podemos hacer mucho da\u00f1o a un tercero<\/strong>. Y tambi\u00e9n se tiene que pensar en nuestro&nbsp;<a href=\"https:\/\/www.assap.ad\/es\/vehiculos\"><strong>seguro del veh\u00edculo<\/strong><\/a>, puesto que, por mucho que presentemos&nbsp;<strong>una declaraci\u00f3n a la compa\u00f1\u00eda aseguradora<\/strong>, esta nos puede comunicar que&nbsp;<strong>no tenemos cobertura<\/strong>, puesto que, no cumplimos con la&nbsp;<strong>obligaci\u00f3n legal en Andorra<\/strong>, que es ir equipados con&nbsp;<strong>neum\u00e1ticos de invierno<\/strong>, y nos aplicar\u00edan la exclusi\u00f3n del riesgo, y entonces,&nbsp;<strong>tener que asumir nosotros mismos el 100% de los gastos<\/strong>.<br><br>Hay una manera, para los que les gustan las emociones fuertes y probar cosas diferentes, que es hacer un&nbsp;<strong>curso de conducci\u00f3n en la nieve<\/strong>. Probarlo en Andorra es muy f\u00e1cil, puesto que&nbsp;<strong>puedes encontrar esta actividad en nuestras estaciones de esqu\u00ed<\/strong>, durante todo el invierno, adem\u00e1s de probar la sensaci\u00f3n es interesante hacerlo, ya que&nbsp;<strong>los consejos nos pueden ser \u00fatiles en el futuro<\/strong>.<\/p>\n\n\n\n<p><strong>La obligatoriedad de tener que llevar equipamientos de invierno<\/strong>, hace que en el mercado&nbsp;<strong>encontremos diferentes tipos<\/strong>:&nbsp;<strong>neum\u00e1ticos mixtos, neum\u00e1ticos de &nbsp;invierno o cadenas&nbsp;met\u00e1licas&nbsp;o de tela.<\/strong><\/p>\n\n\n\n<p>Los tendremos que elegir teniendo en cuenta&nbsp;<strong>nuestro tipo de veh\u00edculo<\/strong>,&nbsp;<strong>si conducimos diariamente o espor\u00e1dicamente<\/strong>, y sobre todo en nuestro&nbsp;<strong>presupuesto.<\/strong>&nbsp;Somos conocedores de los costes de los&nbsp;neum\u00e1ticos&nbsp;de invierno, pero en nuestra situaci\u00f3n, son una&nbsp;<strong>buena inversi\u00f3n sobre todo en el que se refiere a seguridad<\/strong>.<\/p>\n\n\n\n<p>Otra de las cosas que tendr\u00edamos que saber, es que los&nbsp;<strong>coches 4&#215;4 en la nieve tambi\u00e9n<\/strong>&nbsp;<strong>necesitan equipamiento<\/strong>, evidentemente tendr\u00e1n un mayor control de tracci\u00f3n pero necesitan esta prevenci\u00f3n extra.<\/p>\n\n\n\n<h3 class=\"wp-block-heading\"><strong>Sistemas de equipamientos en nieve<\/strong>:<br>&nbsp;<\/h3>\n\n\n\n<ul class=\"wp-block-list\">\n<li><strong><u>Cadenas de tela<\/u><\/strong>:<\/li>\n<\/ul>\n\n\n\n<p>Es uno de los&nbsp;<strong>sistemas m\u00e1s f\u00e1ciles de colocaci\u00f3n&nbsp;que existe actualmente en el mercado<\/strong>. En cuarenta segundos ya la tienes montada en las&nbsp;<strong>ruedas motrices<\/strong>&nbsp;y su tejido provoca una&nbsp;<strong>adherencia<\/strong>&nbsp;muy buena a la&nbsp;<strong>carretera<\/strong>. Puede ser una&nbsp;<strong>opci\u00f3n para los turistas<\/strong>&nbsp;que circulan espor\u00e1dicamente en el pa\u00eds, o para los&nbsp;<strong>residentes que no cogen a menudo el coche<\/strong>. El precio puede estar sobre unos 80-100\u20ac (Ojo! que&nbsp;<strong>no pueden rodar sobre asfalto<\/strong>, por&nbsp;lo&nbsp;que no es&nbsp;<strong>recomendable en terrenos mixtos&nbsp;aslfat-nieve<\/strong>. Se rompen con facilidad sobre asfalto.<\/p>\n\n\n\n<ul class=\"wp-block-list\">\n<li><strong><u>Cadenas\u00a0met\u00e1licas<\/u><\/strong>:<\/li>\n<\/ul>\n\n\n\n<p>Es el&nbsp;<strong>sistema m\u00e1s utilizado y el que siempre encuentras en todas las \u00e1reas de servicios<\/strong>. Tambi\u00e9n es el que m\u00e1s tardas en poner si no sabes,&nbsp;puede ser&nbsp;tarea dif\u00edcil, y si ya lo has hecho alguna vez, puedes tardar hasta unos&nbsp;<strong>20 minutos por rueda<\/strong>. Para los&nbsp;<strong>habituales en la nieve<\/strong><strong>es lo m\u00e1s recomendable<\/strong>. Pero siempre tienes que estar seguro de haberla colocado&nbsp;correctamente, puesto que sino&nbsp;el resultado puede ser todav\u00eda peor. El precio puede estar sobre unos 30-50\u20ac<\/p>\n\n\n\n<ul class=\"wp-block-list\">\n<li><strong><u>Neum\u00e1ticos mixtos<\/u><\/strong>:<\/li>\n<\/ul>\n\n\n\n<p>Estos&nbsp;<strong>neum\u00e1ticos quieren garantizar durante todo el a\u00f1o la misma seguridad que nos ofrecen los de invierno<\/strong>, pero si es cierto,&nbsp;<strong>son m\u00e1s econ\u00f3micos<\/strong>, a la larga,&nbsp;<strong>si utilizamos tanto en invierno y verano nuestro coche<\/strong>, no tendremos la misma&nbsp;<strong>seguridad ni adhesi\u00f3n<\/strong>&nbsp;que con los de&nbsp;<strong>invierno<\/strong>. Al ser polivalentes dejan de ser buenos espec\u00edficamente. Es decir, tienen&nbsp;<strong>peor adherencia<\/strong>&nbsp;tanto en invierno como en verano.<br>Si realmente&nbsp;<strong>no quieres cambiar el neum\u00e1tico al cambiar de estaci\u00f3n<\/strong>, y no haces m\u00e1s de&nbsp;5000km&nbsp;al a\u00f1o, pues son una buena alternativa.<\/p>\n\n\n\n<ul class=\"wp-block-list\">\n<li><strong><u>Neum\u00e1ticos de invierno<\/u><\/strong>:<\/li>\n<\/ul>\n\n\n\n<p>Estos est\u00e1n&nbsp;<strong>fabricados con materiales m\u00e1s resistentes<\/strong>&nbsp;que los de verano, y as\u00ed no se ponen&nbsp;<strong>duros por debajo de los 7 \u00b0C.<\/strong>&nbsp;El relevo en su estructura es con surcos m\u00e1s amplios para&nbsp;<strong>favorecer la adhesi\u00f3n en condiciones adversas como pueden ser, el agua, hielo y la nieve<\/strong>.<\/p>\n\n\n\n<p>Elijas el sistema que elijas, te recomendamos siempre de probarlo en alg\u00fan lugar tranquilo para tener una m\u00ednima experiencia cuando llegue la hora de la verdad.<\/p>\n\n\n\n<p>Por lo tanto resumiendo,&nbsp;<strong>si vivimos o vamos a menudo a la nieve, lo m\u00e1s conveniente ser\u00e1n las ruedas de invierno<\/strong>, si por el contrario,&nbsp;<strong>disfrutamos de esta espor\u00e1dicamente, tendremos que elegir las cadenas de tela o las met\u00e1licas.<\/strong><\/p>\n\n\n\n<p><br><strong>Otras fuentes de inter\u00e9s<\/strong><strong>:<\/strong><\/p>\n\n\n\n<ul class=\"wp-block-list\">\n<li><a href=\"https:\/\/pneumaticspirineu.com\/es\/\" target=\"_blank\" rel=\"noreferrer noopener nofollow\">Neum\u00e1ticos Pirineus<\/a><\/li>\n\n\n\n<li><a href=\"https:\/\/www.andorrainfo.com\/tiendas-andorra\/ruedas-neumaticos\/\" target=\"_blank\" rel=\"noreferrer noopener nofollow\">Andorra Info<\/a><\/li>\n\n\n\n<li><a href=\"http:\/\/www.andorrapneumatics.com\/\" target=\"_blank\" rel=\"noreferrer noopener nofollow\">Andorra Neum\u00e1ticos<\/a><\/li>\n\n\n\n<li><a href=\"https:\/\/visitandorra.com\/es\/esqui\/snow-driving\/\" target=\"_blank\" rel=\"noreferrer noopener nofollow\">Visit Andorra<\/a><\/li>\n\n\n\n<li><a href=\"https:\/\/www.grandvalira.com\/mas-actividades\" target=\"_blank\" rel=\"noreferrer noopener nofollow\">Grandvalira<\/a><\/li>\n<\/ul>\n","protected":false},"excerpt":{"rendered":"<p>En Andorra, a partir del&nbsp;1 de noviembre y hasta el 15 de mayo, es obligatorio llevar los veh\u00edculos con equipamientos especiales. Somos un&nbsp;pa\u00eds de nieve, y como es debido, tenemos que&nbsp;asegurarnos en circular por nuestras carreteras lo m\u00e1s seguros posible. A parte, tambi\u00e9n hay&nbsp;sanciones&nbsp;por parte del cuerpo policial, que pueden ir desde los 180\u20ac hasta [&hellip;]<\/p>\n","protected":false},"author":1,"featured_media":4785,"comment_status":"closed","ping_status":"closed","sticky":false,"template":"","format":"standard","meta":{"_acf_changed":false,"_et_pb_use_builder":"","_et_pb_old_content":"","_et_gb_content_width":"","inline_featured_image":false,"footnotes":""},"categories":[65],"tags":[],"class_list":["post-4784","post","type-post","status-publish","format-standard","has-post-thumbnail","hentry","category-blog"],"acf":[],"_links":{"self":[{"href":"https:\/\/www.assap.ad\/es\/wp-json\/wp\/v2\/posts\/4784","targetHints":{"allow":["GET"]}}],"collection":[{"href":"https:\/\/www.assap.ad\/es\/wp-json\/wp\/v2\/posts"}],"about":[{"href":"https:\/\/www.assap.ad\/es\/wp-json\/wp\/v2\/types\/post"}],"author":[{"embeddable":true,"href":"https:\/\/www.assap.ad\/es\/wp-json\/wp\/v2\/users\/1"}],"replies":[{"embeddable":true,"href":"https:\/\/www.assap.ad\/es\/wp-json\/wp\/v2\/comments?post=4784"}],"version-history":[{"count":1,"href":"https:\/\/www.assap.ad\/es\/wp-json\/wp\/v2\/posts\/4784\/revisions"}],"predecessor-version":[{"id":4786,"href":"https:\/\/www.assap.ad\/es\/wp-json\/wp\/v2\/posts\/4784\/revisions\/4786"}],"wp:featuredmedia":[{"embeddable":true,"href":"https:\/\/www.assap.ad\/es\/wp-json\/wp\/v2\/media\/4785"}],"wp:attachment":[{"href":"https:\/\/www.assap.ad\/es\/wp-json\/wp\/v2\/media?parent=4784"}],"wp:term":[{"taxonomy":"category","embeddable":true,"href":"https:\/\/www.assap.ad\/es\/wp-json\/wp\/v2\/categories?post=4784"},{"taxonomy":"post_tag","embeddable":true,"href":"https:\/\/www.assap.ad\/es\/wp-json\/wp\/v2\/tags?post=4784"}],"curies":[{"name":"wp","href":"https:\/\/api.w.org\/{rel}","templated":true}]}}