{"id":4793,"date":"2023-08-22T07:25:00","date_gmt":"2023-08-22T05:25:00","guid":{"rendered":"https:\/\/www.assap.ad\/?p=4793"},"modified":"2024-09-17T15:51:20","modified_gmt":"2024-09-17T13:51:20","slug":"fira-de-andorra-la-vella-2019","status":"publish","type":"post","link":"https:\/\/www.assap.ad\/es\/seguros-andorra\/blog\/fira-de-andorra-la-vella-2019\/","title":{"rendered":"Fira de Andorra la Vella, 2019"},"content":{"rendered":"\n<p>Este pr\u00f3ximo fin de semana,&nbsp;<strong>los d\u00edas 25,26 y 27<\/strong>, tendr\u00e1 lugar la&nbsp;<strong>41\u00aa&nbsp;edici\u00f3n de la Feria de Andorra 2019<\/strong>.<\/p>\n\n\n\n<p><strong>Para el turismo, visitantes, y la gente que vive en Andorra<\/strong>, ya es una&nbsp;<strong>cita indispensable<\/strong>, ya que durante los tres d\u00edas, las marcas y\/o empresas de&nbsp;<strong>varios sectores<\/strong>, normalmente aprovechan para&nbsp;<strong>ofrecer al p\u00fablico promociones<\/strong>,&nbsp;<strong>descuentos y\/o ofertas<\/strong>&nbsp;que solo son&nbsp;<strong>v\u00e1lidas durante la Feria<\/strong>. Por lo tanto, tienes la oportunidad de poder&nbsp;<strong>adquirir\/comprar<\/strong>&nbsp;<strong>algo a un precio m\u00e1s bajo que cualquier otro d\u00eda<\/strong>. Por ejemplo, un hist\u00f3rico es el de&nbsp;<strong>adquirir en&nbsp;Grandvalira&nbsp;el&nbsp;<em>forfet&nbsp;<\/em>de temporada a un precio m\u00e1s reducido<\/strong>. Tanto para el p\u00fablico de Andorra como para el turista.<\/p>\n\n\n\n<p>Como ya es una pr\u00e1ctica habitual&nbsp;<strong>ofrecer promociones especiales para la feria<\/strong>, nosotros,&nbsp;<a href=\"https:\/\/www.assap.ad\/es\/seguros-andorra\/los-valores-que-nos-mueven\"><strong>ASSAP&nbsp;seguros<\/strong><\/a>, tambi\u00e9n&nbsp;<strong>tendremos un expositor<\/strong>&nbsp;compartido con el Club N\u00e1utico de Andorra y de la mano de una de las compa\u00f1\u00edas aseguradoras que representamos en Andorra, como es&nbsp;<strong>Fiatc.<\/strong>&nbsp;Este a\u00f1o,&nbsp;<strong>daremos unos&nbsp;<em>flyers<\/em>&nbsp;con un descuento para cualquier seguro anual<\/strong>&nbsp;y tambi\u00e9n&nbsp;<strong>como novedad<\/strong>, tendr\u00e1 lugar&nbsp;<strong>el&nbsp;<a href=\"https:\/\/www.assap.ad\/es\/seguros-andorra\/blog\/concurso-fotografico-assap-fira-de-andorra-2019\">concurso fotogr\u00e1fico de&nbsp;Assap&nbsp;Fira 2019<\/a><\/strong>,&nbsp;<strong>en el cual se podr\u00e1n ganar dos entradas a Caldea<\/strong>.<\/p>\n\n\n\n<p>Todo el mundo que ya ha visitado la feria, sabe m\u00e1s o menos que se puede encontrar, pero pensamos que&nbsp;<strong>la gran desconocida es su historia, sus or\u00edgenes<\/strong>.<\/p>\n\n\n\n<p>La&nbsp;<strong>historia de la Feria de Andorra<\/strong>&nbsp;tiene sus&nbsp;<strong>or\u00edgenes en los mercados de ganader\u00eda<\/strong>&nbsp;que se hac\u00edan antes de empezar con la climatolog\u00eda del invierno, que hac\u00eda m\u00e1s dif\u00edcil poder adquirir ciertos productos entre el&nbsp;<strong>pueblo Andorrano<\/strong>. Hacia los&nbsp;<strong>a\u00f1os 90<\/strong>&nbsp;este&nbsp;<strong>mercado<\/strong>&nbsp;ya se consolida como&nbsp;<strong>feria<\/strong>&nbsp;en la cual se acontece un lugar de intercambio entre los&nbsp;<strong>expositores<\/strong>&nbsp;y los&nbsp;<strong>visitantes<\/strong>.<\/p>\n\n\n\n<p>Este evento, actualmente ya se trata, de una&nbsp;<strong>feria multisectorial<\/strong>, situada en el&nbsp;<strong>parque central de Andorra la Vieja<\/strong>, en la que dentro de sus 12.000m2, se pueden encontrar unos 197 expositores, distribuidos como pueden ser el sector&nbsp;<strong>del turismo, la gastronom\u00eda, los servicios, el comercio, el autom\u00f3vil y tambi\u00e9n instituciones p\u00fablicas como privadas<\/strong>&#8230; Etc. A parte tambi\u00e9n puedes encontrar&nbsp;<strong>expositores de pueblos vecinos en los Pirineos<\/strong>&nbsp;que hacen una&nbsp;<strong>muestra de productos agr\u00edcolas y artesanales<\/strong>, evidentemente tambi\u00e9n se encuentran&nbsp;<strong>productos artesanales de Andorra<\/strong>. En el exterior de la carpa, tambi\u00e9n hay&nbsp;<strong>paraditas<\/strong>, casi todas ellas destinadas al&nbsp;<strong>mercado artesanal<\/strong>.<\/p>\n\n\n\n<p>Tambi\u00e9n tienen cabida las&nbsp;<strong>asociaciones, entidades y\/o clubs<\/strong>, como por ejemplo&nbsp;<a href=\"https:\/\/www.atida.ad\/\" rel=\"noreferrer noopener nofollow\" target=\"_blank\">ATIDA<\/a>, que el&nbsp;<strong>Com\u00fa de Andorra la Vella<\/strong>, facilita un espacio propio de unos 1.000m2, en los que organizan&nbsp;<strong>actividades y espect\u00e1culos<\/strong>.<br><br>As\u00ed que ya sabes, si no te quieres&nbsp;<strong>perder promociones y descubrir novedades, en coches, motos, salud, vida, deportes<\/strong>.. Etc, No pases el fin de semana en casa y, con tu familia ven a&nbsp;<strong>visitar la feria<\/strong>.<br>&nbsp;<\/p>\n\n\n\n<p>!Os esperamos a todos!<\/p>\n\n\n\n<p>Enlaces de inter\u00e9s:<\/p>\n\n\n\n<p><a href=\"https:\/\/www.turismeandorralavella.com\/wp-content\/uploads\/2019\/04\/Dossier-comercial19.pdf\" rel=\"noreferrer noopener nofollow\" target=\"_blank\">Turismo Andorra la&nbsp;<\/a>Vella<\/p>\n\n\n\n<p><a href=\"https:\/\/visitandorra.com\/es\/agenda\/feria-de-andorra-la-vella\/\" rel=\"noreferrer noopener nofollow\" target=\"_blank\">Visit Andorra<\/a><\/p>\n","protected":false},"excerpt":{"rendered":"<p>Este pr\u00f3ximo fin de semana,&nbsp;los d\u00edas 25,26 y 27, tendr\u00e1 lugar la&nbsp;41\u00aa&nbsp;edici\u00f3n de la Feria de Andorra 2019. Para el turismo, visitantes, y la gente que vive en Andorra, ya es una&nbsp;cita indispensable, ya que durante los tres d\u00edas, las marcas y\/o empresas de&nbsp;varios sectores, normalmente aprovechan para&nbsp;ofrecer al p\u00fablico promociones,&nbsp;descuentos y\/o ofertas&nbsp;que solo son&nbsp;v\u00e1lidas [&hellip;]<\/p>\n","protected":false},"author":1,"featured_media":4794,"comment_status":"closed","ping_status":"closed","sticky":false,"template":"","format":"standard","meta":{"_acf_changed":false,"_et_pb_use_builder":"","_et_pb_old_content":"","_et_gb_content_width":"","inline_featured_image":false,"footnotes":""},"categories":[65],"tags":[],"class_list":["post-4793","post","type-post","status-publish","format-standard","has-post-thumbnail","hentry","category-blog"],"acf":[],"_links":{"self":[{"href":"https:\/\/www.assap.ad\/es\/wp-json\/wp\/v2\/posts\/4793","targetHints":{"allow":["GET"]}}],"collection":[{"href":"https:\/\/www.assap.ad\/es\/wp-json\/wp\/v2\/posts"}],"about":[{"href":"https:\/\/www.assap.ad\/es\/wp-json\/wp\/v2\/types\/post"}],"author":[{"embeddable":true,"href":"https:\/\/www.assap.ad\/es\/wp-json\/wp\/v2\/users\/1"}],"replies":[{"embeddable":true,"href":"https:\/\/www.assap.ad\/es\/wp-json\/wp\/v2\/comments?post=4793"}],"version-history":[{"count":1,"href":"https:\/\/www.assap.ad\/es\/wp-json\/wp\/v2\/posts\/4793\/revisions"}],"predecessor-version":[{"id":4795,"href":"https:\/\/www.assap.ad\/es\/wp-json\/wp\/v2\/posts\/4793\/revisions\/4795"}],"wp:featuredmedia":[{"embeddable":true,"href":"https:\/\/www.assap.ad\/es\/wp-json\/wp\/v2\/media\/4794"}],"wp:attachment":[{"href":"https:\/\/www.assap.ad\/es\/wp-json\/wp\/v2\/media?parent=4793"}],"wp:term":[{"taxonomy":"category","embeddable":true,"href":"https:\/\/www.assap.ad\/es\/wp-json\/wp\/v2\/categories?post=4793"},{"taxonomy":"post_tag","embeddable":true,"href":"https:\/\/www.assap.ad\/es\/wp-json\/wp\/v2\/tags?post=4793"}],"curies":[{"name":"wp","href":"https:\/\/api.w.org\/{rel}","templated":true}]}}