{"id":4814,"date":"2023-08-22T07:46:00","date_gmt":"2023-08-22T05:46:00","guid":{"rendered":"https:\/\/www.assap.ad\/?p=4814"},"modified":"2024-09-17T15:51:19","modified_gmt":"2024-09-17T13:51:19","slug":"los-mejores-planes-en-navidad-con-ninos","status":"publish","type":"post","link":"https:\/\/www.assap.ad\/es\/seguros-andorra\/blog\/los-mejores-planes-en-navidad-con-ninos\/","title":{"rendered":"Los mejores planes en Navidad con ni\u00f1os"},"content":{"rendered":"\n<p>Si eres de los que aprovechas y haces&nbsp;<strong>vacaciones<\/strong>&nbsp;para disfrutar de la&nbsp;<strong>Navidad con tus peques<\/strong>, seguramente adem\u00e1s de los d\u00edas en que ya los tienes ocupados con&nbsp;<strong>compromisos familiares<\/strong>, te preguntes que puedes hacer el resto de d\u00edas para poder disfrutar al m\u00e1ximo de estas&nbsp;<strong>vacaciones&nbsp;<\/strong>y que sea divertido para los&nbsp;<strong>m\u00e1s peque\u00f1os de casa<\/strong>.<\/p>\n\n\n\n<p>A continuaci\u00f3n os informamos de los&nbsp;<strong>destinos<\/strong>,&nbsp;<strong>actividades<\/strong>&nbsp;y&nbsp;<strong>mercados de Navidad<\/strong>&nbsp;que no os podr\u00e9is perder:<br>&nbsp;<\/p>\n\n\n\n<h3 class=\"wp-block-heading\">Poblet de Nadal en Andorra<\/h3>\n\n\n\n<p>Del 29 de Noviembre al 29 de Diciembre, en la&nbsp;<strong>Capital de Andorra la Vieja<\/strong>, puedes encontrar el&nbsp;<strong>Poblet de Navidad<\/strong>. Hay un&nbsp;<strong>espacio gastron\u00f3mico<\/strong>, en el que diferentes&nbsp;<strong>cocineros de Andorra<\/strong>, los fines de semana, ofrecen alg\u00fan&nbsp;<strong>plato atractivo<\/strong>&nbsp;para estas&nbsp;<strong>fiestas,<\/strong>&nbsp;y a parte&nbsp;<strong>paraditas<\/strong>&nbsp;con propuestas para&nbsp;<strong>comer<\/strong>&nbsp;tanto dulces como saladas. Tambi\u00e9n&nbsp;<strong>paraditas<\/strong>&nbsp;para poder&nbsp;<strong>comprar decoraci\u00f3n de Navidad artesanal<\/strong>, y adem\u00e1s&nbsp;<strong>actividades para los m\u00e1s peque\u00f1os<\/strong>, como por ejemplo&nbsp;<strong>la caseta de correos m\u00e1gica<\/strong>&nbsp;donde podr\u00e1n dejar la carta para el&nbsp;<strong>Papa&nbsp;Noel&nbsp;y\/o los Reyes Magos<\/strong>&nbsp;a los&nbsp;<strong><em>duendes<\/em>&nbsp;<\/strong>m\u00e1s simp\u00e1ticos del&nbsp;<strong>Polo Norte<\/strong>, e incluso&nbsp;<strong>grupos con m\u00fasica en vivo<\/strong>.<br>&nbsp;<\/p>\n\n\n\n<h3 class=\"wp-block-heading\">Conocer al Papa&nbsp;Noel,&nbsp;Incles&nbsp;Andorra<\/h3>\n\n\n\n<p>En el&nbsp;<strong>Vall d\u2019&nbsp;Incles<\/strong>&nbsp;<strong>en&nbsp;Canillo<\/strong>,&nbsp;encontrar\u00e9is una&nbsp;<strong>caba\u00f1a&nbsp;<\/strong>donde podr\u00e9is conocer de forma individual a&nbsp;<strong>Papa&nbsp;Noel<\/strong>&nbsp;y podr\u00e9is compartir con \u00e9l&nbsp;<strong>la carta<\/strong>&nbsp;y vuestros deseos.<\/p>\n\n\n\n<p>La actividad incluye una&nbsp;<strong>merienda<\/strong>&nbsp;y fotograf\u00eda para un recuerdo \u00fanico.<br>&nbsp;<\/p>\n\n\n\n<h3 class=\"wp-block-heading\">Pesebre viviente en Tossa de Mar<\/h3>\n\n\n\n<p>Es el primer&nbsp;<strong>pesebre viviente<\/strong>&nbsp;con&nbsp;<strong>tecnolog\u00eda&nbsp;<em>mapping<\/em>&nbsp;de toda Catalu\u00f1a<\/strong>. Los d\u00edas 28 y 29 de diciembre en&nbsp;<strong>Tossa de Mar<\/strong>, podr\u00e9is disfrutar de la experiencia de recorrer, con m\u00e1s de cincuenta actores,&nbsp;<strong>el pesebre m\u00e1s grande viviente<\/strong>&nbsp;en el cual se&nbsp;<strong>proyectar\u00e1n espectaculares<\/strong>&nbsp;<strong>im\u00e1genes<\/strong>&nbsp;en sus nueve espacios esc\u00e9nicos.<br>&nbsp;<\/p>\n\n\n\n<h3 class=\"wp-block-heading\">Casa de colonias Rosa dels Vents, Costa Brava<\/h3>\n\n\n\n<p>Esta&nbsp;<strong>casa de colonias<\/strong>&nbsp;propone&nbsp;<strong>actividades durante las vacaciones de Navidad<\/strong>&nbsp;para los&nbsp;<strong>m\u00e1s peque\u00f1os<\/strong>, tambi\u00e9n se puede disfrutar de las&nbsp;<strong>comidas de Navidad<\/strong>, como los d\u00edas 25 y 26 a mediod\u00eda en los que os olvidar\u00e9is de tener que cocinar y solo tendr\u00e9is que disfrutar de las&nbsp;<strong>actividades<\/strong>&nbsp;con los&nbsp;<strong>ni\u00f1os<\/strong>. A\u00f1adir que tambi\u00e9n podr\u00e9is despediros del a\u00f1o con una&nbsp;<strong>velada cargada de sorpresas<\/strong>,&nbsp;<strong>baile<\/strong>&nbsp;y&nbsp;<strong>animaci\u00f3n<\/strong>&nbsp;para que tanto adultos como ni\u00f1os os lo pas\u00e9is de lo m\u00e1s bien.<br>&nbsp;<\/p>\n\n\n\n<h3 class=\"wp-block-heading\">La Ciutat dels somnis, Barcelona<\/h3>\n\n\n\n<p>En&nbsp;<strong>Barcelona<\/strong>, encontrar\u00e9is este&nbsp;<strong>festival<\/strong>&nbsp;dedicado en exclusiva a los&nbsp;<strong>ni\u00f1os&nbsp;<\/strong>con m\u00e1s de 120 actividades. Del 27 al 30 de diciembre, en la&nbsp;<strong>feria de Barcelona<\/strong>&nbsp;concretamente en el&nbsp;<strong>recinto de Montju\u00efc<\/strong>. La propuesta es del 100% de&nbsp;<strong>actividades deportivas y educativas<\/strong>&nbsp;donde pas\u00e1rselo bien y aprender.<br><br>Tengas margen de poder desplazarte fuera de&nbsp;<strong>Andorra<\/strong>&nbsp;o no, puedes disfrutar de diferentes&nbsp;<a href=\"https:\/\/www.assap.ad\/es\/seguros-andorra\/blog\/decoracion-navidad-handmade-para-los-mas-pequenos\"><strong>actividades<\/strong><\/a>&nbsp;aptas para cualquier edad.<\/p>\n\n\n\n<h4 class=\"wp-block-heading\">Feliz Navidad!<\/h4>\n\n\n\n<p>Otras fuentes de inter\u00e9s:<\/p>\n\n\n\n<ul class=\"wp-block-list\">\n<li><a href=\"http:\/\/www.laciutatdelssomnis.com\/\" target=\"_blank\" rel=\"noreferrer noopener nofollow\">La ciudad de los sue\u00f1os<\/a><\/li>\n\n\n\n<li><a href=\"https:\/\/www.rosadelsvents.es\/\" target=\"_blank\" rel=\"noreferrer noopener nofollow\">Rosa dels vents<\/a><\/li>\n\n\n\n<li><a href=\"http:\/\/www.tossademar.com\/\" target=\"_blank\" rel=\"noreferrer noopener nofollow\">Tossa de Mar<\/a><\/li>\n\n\n\n<li><a href=\"https:\/\/visitandorra.com\/es\/navidad-en-andorra\/\" rel=\"nofollow noopener\" target=\"_blank\">Visit Andorra &#8211; Navidad en Andorra<\/a><\/li>\n<\/ul>\n","protected":false},"excerpt":{"rendered":"<p>Si eres de los que aprovechas y haces&nbsp;vacaciones&nbsp;para disfrutar de la&nbsp;Navidad con tus peques, seguramente adem\u00e1s de los d\u00edas en que ya los tienes ocupados con&nbsp;compromisos familiares, te preguntes que puedes hacer el resto de d\u00edas para poder disfrutar al m\u00e1ximo de estas&nbsp;vacaciones&nbsp;y que sea divertido para los&nbsp;m\u00e1s peque\u00f1os de casa. A continuaci\u00f3n os informamos [&hellip;]<\/p>\n","protected":false},"author":1,"featured_media":4815,"comment_status":"closed","ping_status":"closed","sticky":false,"template":"","format":"standard","meta":{"_acf_changed":false,"_et_pb_use_builder":"","_et_pb_old_content":"","_et_gb_content_width":"","inline_featured_image":false,"footnotes":""},"categories":[65],"tags":[],"class_list":["post-4814","post","type-post","status-publish","format-standard","has-post-thumbnail","hentry","category-blog"],"acf":[],"_links":{"self":[{"href":"https:\/\/www.assap.ad\/es\/wp-json\/wp\/v2\/posts\/4814","targetHints":{"allow":["GET"]}}],"collection":[{"href":"https:\/\/www.assap.ad\/es\/wp-json\/wp\/v2\/posts"}],"about":[{"href":"https:\/\/www.assap.ad\/es\/wp-json\/wp\/v2\/types\/post"}],"author":[{"embeddable":true,"href":"https:\/\/www.assap.ad\/es\/wp-json\/wp\/v2\/users\/1"}],"replies":[{"embeddable":true,"href":"https:\/\/www.assap.ad\/es\/wp-json\/wp\/v2\/comments?post=4814"}],"version-history":[{"count":1,"href":"https:\/\/www.assap.ad\/es\/wp-json\/wp\/v2\/posts\/4814\/revisions"}],"predecessor-version":[{"id":4816,"href":"https:\/\/www.assap.ad\/es\/wp-json\/wp\/v2\/posts\/4814\/revisions\/4816"}],"wp:featuredmedia":[{"embeddable":true,"href":"https:\/\/www.assap.ad\/es\/wp-json\/wp\/v2\/media\/4815"}],"wp:attachment":[{"href":"https:\/\/www.assap.ad\/es\/wp-json\/wp\/v2\/media?parent=4814"}],"wp:term":[{"taxonomy":"category","embeddable":true,"href":"https:\/\/www.assap.ad\/es\/wp-json\/wp\/v2\/categories?post=4814"},{"taxonomy":"post_tag","embeddable":true,"href":"https:\/\/www.assap.ad\/es\/wp-json\/wp\/v2\/tags?post=4814"}],"curies":[{"name":"wp","href":"https:\/\/api.w.org\/{rel}","templated":true}]}}