{"id":4916,"date":"2023-08-22T09:42:00","date_gmt":"2023-08-22T07:42:00","guid":{"rendered":"https:\/\/www.assap.ad\/?p=4916"},"modified":"2024-09-17T15:51:14","modified_gmt":"2024-09-17T13:51:14","slug":"medidas-para-la-covid19-en-las-estaciones-de-esqui-de-andorra","status":"publish","type":"post","link":"https:\/\/www.assap.ad\/es\/seguros-andorra\/blog\/medidas-para-la-covid19-en-las-estaciones-de-esqui-de-andorra\/","title":{"rendered":"Medidas para la COVID19 en las estaciones de esqu\u00ed de Andorra"},"content":{"rendered":"\n<p>\u00a1S\u00ed! \u00a1El mes de Diciembre ya lo tenemos aqu\u00ed!<\/p>\n\n\n\n<p>Con la llegada del Invierno, todos los amantes de la nieve empezamos a preparar todo el material de esqu\u00ed para disfrutar de nuestro hobby preferido con&nbsp;<strong>nuestra pareja, nuestros amigos, con la familia<\/strong>&#8230; \u00a1Con qui\u00e9n sea!<\/p>\n\n\n\n<p>Este a\u00f1o la temporada ser\u00e1 especial y diferente ya que tendremos que seguir un conjunto de&nbsp;<strong>medidas para la COVID19 en todas las estaciones de esqu\u00ed de Andorra.<\/strong>&nbsp;Medidas que nos permitir\u00e1n disfrutar de la nieve como siempre.<\/p>\n\n\n\n<p>Desde<strong>&nbsp;ASSAP Assegurances<\/strong>&nbsp;hemos querido recopilar&nbsp;todas las medidas que tendremos que seguir una vez estemos a punto de disfrutar del oro blanco de Andorra, de la nieve.<\/p>\n\n\n\n<p><strong>Medidas para la COVID19 de Vallnord:<\/strong><\/p>\n\n\n\n<ul class=\"wp-block-list\">\n<li>Acceso prohibido si presentamos s\u00edntomas de estar contagiados por la\u00a0<strong>COVID19<\/strong>\u00a0como fiebre, tos seca, cansancio y sensaci\u00f3n de ahogo.<\/li>\n\n\n\n<li>Debemos llevar\u00a0<strong>mascarilla<\/strong>\u00a0o tubular de cuello homologado en espacios comunes cerrados (a partir de los 6 a\u00f1os). S\u00f3lo se permitir\u00e1 sacar la mascarilla en espacios de restauraci\u00f3n una vez estemos sentados en la mesa.<\/li>\n\n\n\n<li>Ser\u00e1 recomendable el uso de la mascarilla\u00a0o tubular de cuello homologado durante la pr\u00e1ctica de esqu\u00ed, snow, raquetas o esqu\u00ed de monta\u00f1a.<\/li>\n\n\n\n<li>Ser\u00e1 obligatorio el uso de guantes y gafas en las pistas de esqu\u00ed, y tendremos que evitar tocarnos la cara, los ojos, la nariz y la boca.<\/li>\n\n\n\n<li>Desde\u00a0<strong>Vallnord<\/strong>\u00a0han preparado varios dispensadores de gel hidroalcoh\u00f3lico que tendremos que hacer uso al entrar en espacios cerrados.<\/li>\n\n\n\n<li>Siempre tendremos que mantener una distancia de seguridad de 1,5 metros.<\/li>\n\n\n\n<li>No podremos fumar en todo el recinto excepto en los casos que contemple la normativa vigente.<\/li>\n\n\n\n<li>Respetar el aforo limitado en los espacios cerrados.<\/li>\n<\/ul>\n\n\n\n<p><strong>Medidas para la COVID19 de Grandvalira:<\/strong><\/p>\n\n\n\n<ul class=\"wp-block-list\">\n<li>Es obligatorio el uso de la\u00a0<strong>mascarilla<\/strong>\u00a0o tubular de cuello homologado (a partir de 6 a\u00f1os) en edificios y espacios cerrados, zonas de espera (incluidas taquillas y embarques de las instalaciones mec\u00e1nicas, escuelas de esqu\u00ed, tiendas de alquiler de material, bares y restaurantes).<\/li>\n\n\n\n<li>Respetar el aforo limitado a restaurantes, escuelas de esqu\u00ed, y tiendas de alquiler de material.<\/li>\n\n\n\n<li>Siempre tendremos que mantener una distancia de seguridad de 1,5 metros.<\/li>\n<\/ul>\n\n\n\n<p>\u00bfNos vemos en las pistas de esqu\u00ed?<\/p>\n\n\n\n<p>ASSAP, el mejor seguro para esquiadores:&nbsp;<a href=\"https:\/\/www.assap.ad\/es\/seguros-andorra\/esqui\"><strong>SEGURO ESQU\u00cd<\/strong><\/a><\/p>\n","protected":false},"excerpt":{"rendered":"<p>\u00a1S\u00ed! \u00a1El mes de Diciembre ya lo tenemos aqu\u00ed! Con la llegada del Invierno, todos los amantes de la nieve empezamos a preparar todo el material de esqu\u00ed para disfrutar de nuestro hobby preferido con&nbsp;nuestra pareja, nuestros amigos, con la familia&#8230; \u00a1Con qui\u00e9n sea! Este a\u00f1o la temporada ser\u00e1 especial y diferente ya que tendremos [&hellip;]<\/p>\n","protected":false},"author":1,"featured_media":4917,"comment_status":"closed","ping_status":"closed","sticky":false,"template":"","format":"standard","meta":{"_acf_changed":false,"_et_pb_use_builder":"","_et_pb_old_content":"","_et_gb_content_width":"","inline_featured_image":false,"footnotes":""},"categories":[65],"tags":[],"class_list":["post-4916","post","type-post","status-publish","format-standard","has-post-thumbnail","hentry","category-blog"],"acf":[],"_links":{"self":[{"href":"https:\/\/www.assap.ad\/es\/wp-json\/wp\/v2\/posts\/4916","targetHints":{"allow":["GET"]}}],"collection":[{"href":"https:\/\/www.assap.ad\/es\/wp-json\/wp\/v2\/posts"}],"about":[{"href":"https:\/\/www.assap.ad\/es\/wp-json\/wp\/v2\/types\/post"}],"author":[{"embeddable":true,"href":"https:\/\/www.assap.ad\/es\/wp-json\/wp\/v2\/users\/1"}],"replies":[{"embeddable":true,"href":"https:\/\/www.assap.ad\/es\/wp-json\/wp\/v2\/comments?post=4916"}],"version-history":[{"count":1,"href":"https:\/\/www.assap.ad\/es\/wp-json\/wp\/v2\/posts\/4916\/revisions"}],"predecessor-version":[{"id":4918,"href":"https:\/\/www.assap.ad\/es\/wp-json\/wp\/v2\/posts\/4916\/revisions\/4918"}],"wp:featuredmedia":[{"embeddable":true,"href":"https:\/\/www.assap.ad\/es\/wp-json\/wp\/v2\/media\/4917"}],"wp:attachment":[{"href":"https:\/\/www.assap.ad\/es\/wp-json\/wp\/v2\/media?parent=4916"}],"wp:term":[{"taxonomy":"category","embeddable":true,"href":"https:\/\/www.assap.ad\/es\/wp-json\/wp\/v2\/categories?post=4916"},{"taxonomy":"post_tag","embeddable":true,"href":"https:\/\/www.assap.ad\/es\/wp-json\/wp\/v2\/tags?post=4916"}],"curies":[{"name":"wp","href":"https:\/\/api.w.org\/{rel}","templated":true}]}}