{"id":10150,"date":"2023-08-22T10:51:00","date_gmt":"2023-08-22T08:51:00","guid":{"rendered":"https:\/\/www.assap.ad\/comment-se-preparer-aux-stages-de-formation-exigences-essentielles\/"},"modified":"2024-10-23T18:47:10","modified_gmt":"2024-10-23T16:47:10","slug":"comment-se-preparer-aux-stages-de-formation-exigences-essentielles","status":"publish","type":"post","link":"https:\/\/www.assap.ad\/fr\/assurances-andorre\/bloguer\/comment-se-preparer-aux-stages-de-formation-exigences-essentielles\/","title":{"rendered":"Comment pr\u00e9parer un stage de formation : les exigences essentielles"},"content":{"rendered":"\n<p>Durant les \u00e9tudes, les pratiques de formation constituent une p\u00e9riode essentielle tant dans le d\u00e9veloppement personnel que professionnel. Les s\u00e9jours de formation en entreprise sont une opportunit\u00e9 unique d&rsquo;approfondir nos connaissances, mais aussi de mettre en pratique tout ce que nous avons pu apprendre et qui nous pr\u00e9pare \u00e0 une future insertion dans le monde du travail.<br\/> Il est tr\u00e8s courant que le plan de formation d&rsquo;un centre de formation comprenne une partie de formation en pr\u00e9sentiel et que l&rsquo;\u00e9tudiant soit envoy\u00e9 effectuer des stages de formation en entreprise.<br\/> Mais quelles sont les conditions indispensables pour pouvoir effectuer un stage de formation en Andorre ? Devons-nous souscrire \u00e0 une assurance sp\u00e9cifique pour pouvoir les faire ?  <br\/> <\/p>\n\n<h2 class=\"wp-block-heading\">S\u00e9jours de formation en Andorre<\/h2>\n\n<p>Les \u00e9tudiants andorrans et les \u00e9trangers r\u00e9sidant l\u00e9galement et inscrits dans des centres \u00e9ducatifs nationaux ou \u00e9trangers agr\u00e9\u00e9s en dehors de la Principaut\u00e9 d&rsquo;Andorre peuvent effectuer le s\u00e9jour de formation dans une entreprise ou une entit\u00e9 publique andorrane pour r\u00e9pondre aux objectifs du s\u00e9jour de formation \u00e0 travers la formalisation du stage de formation. contracter.<\/p>\n\n<h2 class=\"wp-block-heading\">Conditions d\u2019autorisation de l\u2019entente sur les pratiques de formation<\/h2>\n\n<p>Afin de r\u00e9aliser un stage de formation, l&rsquo;\u00e9tudiant devra formaliser une Convention de Stage de Formation pour certifier que ceux-ci seront r\u00e9alis\u00e9s dans le respect des conditions suivantes :<\/p>\n\n<ul class=\"wp-block-list\">\n<li>Le contrat de stage de formation doit \u00eatre formalis\u00e9 entre le centre d&rsquo;enseignement, l&rsquo;entreprise et l&rsquo;\u00e9tudiant lui-m\u00eame s&rsquo;il est majeur ou \u00e9mancip\u00e9 et, en cas de mineur, par son repr\u00e9sentant l\u00e9gal et sous la surveillance d&rsquo;un tuteur du entreprise qui doit planifier et r\u00e9aliser son action de formation en coordination avec le professeur tuteur d\u00e9sign\u00e9 par le centre.<\/li>\n\n\n\n<li>Un plan d&rsquo;\u00e9tude o\u00f9 seront \u00e9tablis les objectifs \u00e0 atteindre, ainsi que les lieux de l&rsquo;organisation o\u00f9 se d\u00e9rouleront les activit\u00e9s du s\u00e9jour de formation en entreprise.<\/li>\n\n\n\n<li>L&rsquo;\u00e9tudiant doit justifier qu&rsquo;il b\u00e9n\u00e9ficie d&rsquo;une couverture maladie de la Caixa Andorrana de Seguridad Social ou d&rsquo;une assurance priv\u00e9e garantissant une couverture \u00e9quivalente.<\/li>\n\n\n\n<li>Assurance responsabilit\u00e9 civile qui couvre toute la dur\u00e9e des stages.<\/li>\n\n\n\n<li>Pour les stages internationaux, les \u00e9tudiants doivent souscrire une assurance responsabilit\u00e9 civile, une assurance accident avec clause rapatriement et, selon le type de s\u00e9jour de formation, une assurance p\u00e9nale.<\/li>\n<\/ul>\n\n<p>Certaines entreprises exigent m\u00eame une attestation de responsabilit\u00e9 avant de signer une convention de stage.<\/p>\n\n<h2 class=\"wp-block-heading\">Type de politiques pour les stagiaires<\/h2>\n\n<p><br\/>Il existe diff\u00e9rents types de politiques recommand\u00e9es et souvent obligatoires pour les stagiaires telles que\u00a0:<\/p>\n\n<ul class=\"wp-block-list\">\n<li>Assurance <a href=\"https:\/\/www.assap.ad\/es\/seguros-andorra\/tecnicos\">Responsabilit\u00e9 Civile et P\u00e9nale<\/a> pour les stages en entreprise<\/li>\n\n\n\n<li>Assurance <a href=\"https:\/\/www.assap.ad\/es\/seguros-andorra\/vida-y-accidentes\">accident<\/a> pour les \u00e9tudiants pendant les stages<\/li>\n\n\n\n<li>Assurance <a href=\"https:\/\/www.assap.ad\/es\/seguros-andorra\/seguros-salud\">maladie<\/a><\/li>\n<\/ul>\n\n<p>En quoi les polices de Responsabilit\u00e9 Civile et P\u00e9nale sont-elles diff\u00e9rentes de l\u2019Assurance Accident ?<br\/>La Responsabilit\u00e9 Civile couvre les dommages aux tiers que l&rsquo;\u00e9tudiant pourrait causer, tandis que l&rsquo;Assurance Accident couvre les dommages que l&rsquo;\u00e9tudiant lui-m\u00eame pourrait subir.<br\/><br\/><strong><u>Assurance Responsabilit\u00e9 Civile et P\u00e9nale pour les stages en entreprise<\/u><\/strong><br\/><br\/>Dans le cadre de la Responsabilit\u00e9 Civile, un type sp\u00e9cifique de contrat d&rsquo;assurance est utilis\u00e9 pour couvrir les dommages qu&rsquo;un \u00e9tudiant pourrait causer dans le cadre du d\u00e9roulement de son stage en entreprise. Ce type d&rsquo;assurance est souscrit individuellement, et comme les autres assurances Responsabilit\u00e9 Civile, celles pour les stages en entreprise disposent d&rsquo;une somme assur\u00e9e pour la couverture Responsabilit\u00e9 Civile Exploitation. Celles-ci incluent g\u00e9n\u00e9ralement une clause de couverture en mati\u00e8re de d\u00e9fense civile et p\u00e9nale.<br\/> S&rsquo;agissant d&rsquo;une assurance Responsabilit\u00e9 Civile, les dommages qui seront couverts seront ceux caus\u00e9s aux tiers, tant physiques que mat\u00e9riels, mais pas ceux que pourrait subir l&rsquo;\u00e9tudiant lui-m\u00eame, qui opterait pour un autre type de police : Assurance Accident pour entreprise stages.  <br\/><br\/><strong><u>Assurance accidents pour les stages en entreprise<\/u><\/strong><br\/><br\/>Il existe un type sp\u00e9cifique d&rsquo;assurance-accidents, qui sert \u00e0 couvrir les \u00e9ventuels dommages qu&rsquo;un \u00e9tudiant pourrait subir lors du d\u00e9roulement de ses stages en entreprise.<br\/> Ce type d&rsquo;assurance est souscrit individuellement et, comme c&rsquo;est le cas pour le reste des polices d&rsquo;assurance accidents, une couverture invalidit\u00e9 est incluse, puis un capital est \u00e9ventuellement ajout\u00e9 pour d&rsquo;autres couvertures d\u00e9c\u00e8s.<\/p>\n\n<p><br\/><strong>Assurance maladie<\/strong><\/p>\n\n<p>Dans le cas o\u00f9 la couverture maladie n&rsquo;est pas disponible, et compte tenu de son caract\u00e8re obligatoire pour pouvoir effectuer des stages de formation en Andorre, vous devez disposer d&rsquo;une assurance priv\u00e9e qui garantit une couverture \u00e9quivalente \u00e0 celle offerte par la Caixa Andorrana de Seguridad Social. Pour cette raison, g\u00e9n\u00e9ralement en compl\u00e9ment de l&rsquo;Assurance Responsabilit\u00e9 Civile, il est courant de souscrire une assurance Soins de Sant\u00e9 avec une clause rapatriement.<br\/> Mais tr\u00e8s souvent, les impr\u00e9vus les plus courants surviennent et c&rsquo;est pourquoi il ne faut pas oublier la s\u00e9curit\u00e9, notamment au travail. Tant pour un professionnel que pour un \u00e9tudiant stagiaire, se sentir en s\u00e9curit\u00e9 dans son quotidien est essentiel pour pouvoir se d\u00e9velopper de mani\u00e8re satisfaisante.  <\/p>\n\n<p>Chez ASSAP Seguros, nous vous recommandons notre police <a href=\"https:\/\/www.assap.ad\/es\/seguros-andorra\/tecnicos\/responsabilidad-civil\">de protection civile<\/a> ou <a href=\"https:\/\/www.assap.ad\/es\/seguros-andorra\/salud\/reembolso-de-gastos\">notre assurance de remboursement des frais<\/a> , mais si votre s\u00e9jour de formation a lieu en dehors d&rsquo;Andorre, vous pouvez toujours consulter notre assurance <a href=\"https:\/\/www.assap.ad\/es\/seguros-andorra\/seguros-viajes\">d&rsquo;assistance voyage<\/a> pour une couverture suppl\u00e9mentaire.<\/p>\n","protected":false},"excerpt":{"rendered":"<p>Durant les \u00e9tudes, les pratiques de formation constituent une p\u00e9riode essentielle tant dans le d\u00e9veloppement personnel que professionnel. Les s\u00e9jours de formation en entreprise sont une opportunit\u00e9 unique d&rsquo;approfondir nos connaissances, mais aussi de mettre en pratique tout ce que nous avons pu apprendre et qui nous pr\u00e9pare \u00e0 une future insertion dans le monde [&hellip;]<\/p>\n","protected":false},"author":1,"featured_media":6468,"comment_status":"closed","ping_status":"closed","sticky":false,"template":"","format":"standard","meta":{"_acf_changed":false,"_et_pb_use_builder":"","_et_pb_old_content":"","_et_gb_content_width":"","inline_featured_image":false,"footnotes":""},"categories":[67],"tags":[],"class_list":["post-10150","post","type-post","status-publish","format-standard","has-post-thumbnail","hentry","category-bloguer"],"acf":[],"_links":{"self":[{"href":"https:\/\/www.assap.ad\/fr\/wp-json\/wp\/v2\/posts\/10150","targetHints":{"allow":["GET"]}}],"collection":[{"href":"https:\/\/www.assap.ad\/fr\/wp-json\/wp\/v2\/posts"}],"about":[{"href":"https:\/\/www.assap.ad\/fr\/wp-json\/wp\/v2\/types\/post"}],"author":[{"embeddable":true,"href":"https:\/\/www.assap.ad\/fr\/wp-json\/wp\/v2\/users\/1"}],"replies":[{"embeddable":true,"href":"https:\/\/www.assap.ad\/fr\/wp-json\/wp\/v2\/comments?post=10150"}],"version-history":[{"count":1,"href":"https:\/\/www.assap.ad\/fr\/wp-json\/wp\/v2\/posts\/10150\/revisions"}],"predecessor-version":[{"id":10152,"href":"https:\/\/www.assap.ad\/fr\/wp-json\/wp\/v2\/posts\/10150\/revisions\/10152"}],"wp:featuredmedia":[{"embeddable":true,"href":"https:\/\/www.assap.ad\/fr\/wp-json\/wp\/v2\/media\/6468"}],"wp:attachment":[{"href":"https:\/\/www.assap.ad\/fr\/wp-json\/wp\/v2\/media?parent=10150"}],"wp:term":[{"taxonomy":"category","embeddable":true,"href":"https:\/\/www.assap.ad\/fr\/wp-json\/wp\/v2\/categories?post=10150"},{"taxonomy":"post_tag","embeddable":true,"href":"https:\/\/www.assap.ad\/fr\/wp-json\/wp\/v2\/tags?post=10150"}],"curies":[{"name":"wp","href":"https:\/\/api.w.org\/{rel}","templated":true}]}}