{"id":10162,"date":"2023-08-22T10:57:00","date_gmt":"2023-08-22T08:57:00","guid":{"rendered":"https:\/\/www.assap.ad\/le-printemps-arrive-pour-la-joie-des-uns-et-le-malheur-des-allergiques\/"},"modified":"2025-07-02T10:02:33","modified_gmt":"2025-07-02T08:02:33","slug":"le-printemps-arrive-pour-la-joie-des-uns-et-le-malheur-des-allergiques","status":"publish","type":"post","link":"https:\/\/www.assap.ad\/fr\/assurances-andorre\/bloguer\/le-printemps-arrive-pour-la-joie-des-uns-et-le-malheur-des-allergiques\/","title":{"rendered":"Le printemps arrive pour la \u00ab joie \u00bb de certains et le \u00ab malheur \u00bb des allergiques !"},"content":{"rendered":"\n<p>Le printemps est dans l\u2019air, tout comme des milliers de minuscules pollens qui d\u00e9clenchent des sympt\u00f4mes d\u2019allergie chez des millions de personnes. Beaucoup d&rsquo;entre nous ont appr\u00e9ci\u00e9 ce mois de mars comme un mois o\u00f9 les records de chaleur ont \u00e9t\u00e9 battus, mais pour beaucoup d&rsquo;autres l&rsquo;arriv\u00e9e du printemps et des temp\u00e9ratures douces se traduisent par l&rsquo;arriv\u00e9e des allergies. <\/p>\n\n<p>Pour la plupart des gens, cela est inoffensif, mais si nous sommes allergiques et que le pollen atterrit sur une membrane dans nos voies nasales, une r\u00e9ponse immunitaire exag\u00e9r\u00e9e se produira et&#8230; La f\u00eate va commencer ! \u00c0 partir de ce moment-l\u00e0, et si nous ne faisons rien pour l&rsquo;\u00e9viter, l&rsquo;histamine coulera dans nos veines et les yeux qui piquent, la congestion ou le larmoiement nous accompagneront tout au long de ce printemps et pourront m\u00eame durer jusqu&rsquo;\u00e0 l&rsquo;\u00e9t\u00e9 pour beaucoup. <\/p>\n\n<p>Lors de notre deuxi\u00e8me printemps de pand\u00e9mie, les plus optimistes en sont venus \u00e0 penser qu\u2019apr\u00e8s les progr\u00e8s des filtres des masques FFP2, nous pourrions m\u00eame nous d\u00e9barrasser des allergies et des acariens cette ann\u00e9e, mais rien n\u2019est plus \u00e9loign\u00e9 de la v\u00e9rit\u00e9. Mais comme le dit le proverbe, \u00ab le mal de beaucoup est la consolation des imb\u00e9ciles \u00bb, m\u00eame dans les maisons de personnes qui sortent \u00e0 peine pour se promener ou faire leurs courses, le pollen est capable de se faufiler par les portes, les fen\u00eatres et m\u00eame par d&rsquo;autres choses inattendues. fissure. <\/p>\n\n<p>Mais que pouvons-nous faire pour nous prot\u00e9ger des allergies \u00e0 l\u2019int\u00e9rieur et \u00e0 l\u2019ext\u00e9rieur de la maison ?<\/p>\n\n<p>Ne vous inqui\u00e9tez pas, chez <a href=\"https:\/\/www.assap.ad\/es\">ASSAP Seguros<\/a> nous vous donnons les 9 conseils les plus recommand\u00e9s pour soulager les allergies au printemps :<br\/> <\/p>\n\n<h2 class=\"wp-block-heading\">1. A\u00c9RER<\/h2>\n\n<p>Beaucoup de gens se demandent souvent s&rsquo;il est conseill\u00e9 d&rsquo;a\u00e9rer pendant cette saison de l&rsquo;ann\u00e9e puisque cela donnerait la possibilit\u00e9 \u00e0 des allerg\u00e8nes de p\u00e9n\u00e9trer dans la maison.<\/p>\n\n<p>Et la r\u00e9ponse est oui : la ventilation doit \u00eatre effectu\u00e9e pendant au moins dix minutes chaque jour. La seule chose recommand\u00e9e est d&rsquo;\u00e9viter d&rsquo;a\u00e9rer pendant la premi\u00e8re et la derni\u00e8re heure de la journ\u00e9e lorsque la concentration de pollen est la plus \u00e9lev\u00e9e, mais de le faire plus longtemps pendant les jours de pluie. Mais attention ! Pendant que vous dormez, les fen\u00eatres doivent \u00eatre ferm\u00e9es.   <br\/> <\/p>\n\n<h2 class=\"wp-block-heading\">2. S\u00c9CHER LES V\u00caTEMENTS AU S\u00c8CHE-LINGE OU \u00c0 LA MAISON<\/h2>\n\n<p>Bien que la corde \u00e0 linge pliante typique au milieu du salon puisse \u00eatre tr\u00e8s encombrante en plus de ne pas \u00eatre la plus esth\u00e9tique ou m\u00eame de supposer que nous avons un s\u00e8che-linge \u00e0 la maison malgr\u00e9 la consommation d&rsquo;\u00e9nergie que cela repr\u00e9sente, s\u00e9cher les v\u00eatements \u00e0 l&rsquo;int\u00e9rieur de la maison est tr\u00e8s r\u00e9duit efficacement les niveaux de pollen sur nos v\u00eatements.<br\/> <\/p>\n\n<h2 class=\"wp-block-heading\">3. ADIEU AUX RIDEAUX \u00c9PAIS !<\/h2>\n\n<p>Les rideaux \u00e9pais ont tendance \u00e0 accumuler plus de poussi\u00e8re que ceux constitu\u00e9s de tissus fins ou lavables. S&rsquo;ils sont \u00e9pais, il est recommand\u00e9 qu&rsquo;ils soient faciles \u00e0 d\u00e9monter et ainsi les laver plus fr\u00e9quemment. <br\/> <\/p>\n\n<h2 class=\"wp-block-heading\">4. AU REVOIR SOUVENIRS\u00a0!<\/h2>\n\n<p>Nous vous recommandons \u00e9galement de limiter les souvenirs et les figurines d\u00e9coratives qui ramassent la poussi\u00e8re que vous pourriez avoir sur les meubles ou m\u00eame quelque chose de tr\u00e8s typique sur votre table de nuit. Souvent, au domicile d\u2019une personne allergique, moins c\u2019est mieux. <br\/> <\/p>\n\n<h2 class=\"wp-block-heading\">5. OREILLERS VISCO\u00c9LASTIQUES ET COUETTES SYNTH\u00c9TIQUES.<\/h2>\n\n<p>Un tissu visco\u00e9lastique ou similaire est conseill\u00e9 sur la fibre v\u00e9g\u00e9tale. En r\u00e9f\u00e9rence aux couettes, il est conseill\u00e9 d&rsquo;\u00e9viter la laine ou certains types de plumes, m\u00eame si elles ajoutent une touche glamour \u00e0 votre chambre. <br\/> <\/p>\n\n<h2 class=\"wp-block-heading\">6. ASPIRATEUR AVEC FILTRES<\/h2>\n\n<p>Nettoyez le sol, les tapis et les meubles au moins une fois par semaine. De plus, il est conseill\u00e9 d&rsquo;aspirer les canap\u00e9s et les matelas, de pr\u00e9f\u00e9rence avec des aspirateurs \u00e9quip\u00e9s de filtres \u00e0 eau ou HEPA. <br\/> <\/p>\n\n<h2 class=\"wp-block-heading\">7. LAVEZ-VOUS LES CHEVEUX LA NUIT<\/h2>\n\n<p>Un conseil qui suscite la pol\u00e9mique parmi de multiples avis puisqu&rsquo;il n&rsquo;est pas conseill\u00e9 de dormir avec les racines de nos cheveux mouill\u00e9es. Dans ce cas, il est conseill\u00e9 de se laver les cheveux la nuit et ainsi de r\u00e9duire la quantit\u00e9 de pollen qui est emprisonn\u00e9e sur nos cheveux. cuir chevelu pendant la journ\u00e9e de sommeil. Il est \u00e9galement conseill\u00e9, une fois sorti de la douche, d&rsquo;absorber tout exc\u00e8s d&rsquo;eau \u00e0 l&rsquo;aide d&rsquo;une serviette en microfibre. Et comme les temp\u00e9ratures commencent tr\u00e8s souvent \u00e0 \u00eatre \u00e9lev\u00e9es pendant ces p\u00e9riodes, vous pouvez laisser s\u00e9cher le reste de vos cheveux \u00e0 l&rsquo;air libre, mais sinon, vous pouvez toujours utiliser le s\u00e8che-cheveux.  <br\/> <\/p>\n\n<h2 class=\"wp-block-heading\">8. HYDRATEZ VOTRE NEZ<\/h2>\n\n<p>Il est important de se laver le nez matin et soir avec un spray d&rsquo;eau de mer ou une solution saline, cela permettra de pr\u00e9venir voire de calmer l&rsquo;irritation provoqu\u00e9e.<br\/> <\/p>\n\n<h2 class=\"wp-block-heading\">9. \u00c9VITER LES SORTIES INUTILES<\/h2>\n\n<p>Il est d\u00e9conseill\u00e9 de sortir dehors les jours de forte pollinisation. Il est conseill\u00e9 de rester \u00e0 l&rsquo;int\u00e9rieur de notre maison les jours o\u00f9 il y a beaucoup de vent, car cela soul\u00e8ve le pollen. Si vous faites du sport, il est pr\u00e9f\u00e9rable de le faire \u00e0 l\u2019int\u00e9rieur. Il est important, dans tous les cas, que les personnes allergiques \u00e9vitent de sortir \u00e0 la campagne ou \u00e0 la montagne au printemps.   <\/p>\n\n<p>Chaque allergie est diff\u00e9rente et chacun de nous la g\u00e8re de diff\u00e9rentes mani\u00e8res. Identifiez les causes et mettez nos conseils en pratique et vous verrez que vous commencerez \u00e0 vous sentir mieux. <\/p>\n","protected":false},"excerpt":{"rendered":"<p>Le printemps est dans l\u2019air, tout comme des milliers de minuscules pollens qui d\u00e9clenchent des sympt\u00f4mes d\u2019allergie chez des millions de personnes. Beaucoup d&rsquo;entre nous ont appr\u00e9ci\u00e9 ce mois de mars comme un mois o\u00f9 les records de chaleur ont \u00e9t\u00e9 battus, mais pour beaucoup d&rsquo;autres l&rsquo;arriv\u00e9e du printemps et des temp\u00e9ratures douces se traduisent [&hellip;]<\/p>\n","protected":false},"author":1,"featured_media":6471,"comment_status":"closed","ping_status":"closed","sticky":false,"template":"","format":"standard","meta":{"_acf_changed":false,"_et_pb_use_builder":"","_et_pb_old_content":"","_et_gb_content_width":"","inline_featured_image":false,"footnotes":""},"categories":[67],"tags":[],"class_list":["post-10162","post","type-post","status-publish","format-standard","has-post-thumbnail","hentry","category-bloguer"],"acf":[],"_links":{"self":[{"href":"https:\/\/www.assap.ad\/fr\/wp-json\/wp\/v2\/posts\/10162","targetHints":{"allow":["GET"]}}],"collection":[{"href":"https:\/\/www.assap.ad\/fr\/wp-json\/wp\/v2\/posts"}],"about":[{"href":"https:\/\/www.assap.ad\/fr\/wp-json\/wp\/v2\/types\/post"}],"author":[{"embeddable":true,"href":"https:\/\/www.assap.ad\/fr\/wp-json\/wp\/v2\/users\/1"}],"replies":[{"embeddable":true,"href":"https:\/\/www.assap.ad\/fr\/wp-json\/wp\/v2\/comments?post=10162"}],"version-history":[{"count":1,"href":"https:\/\/www.assap.ad\/fr\/wp-json\/wp\/v2\/posts\/10162\/revisions"}],"predecessor-version":[{"id":10164,"href":"https:\/\/www.assap.ad\/fr\/wp-json\/wp\/v2\/posts\/10162\/revisions\/10164"}],"wp:featuredmedia":[{"embeddable":true,"href":"https:\/\/www.assap.ad\/fr\/wp-json\/wp\/v2\/media\/6471"}],"wp:attachment":[{"href":"https:\/\/www.assap.ad\/fr\/wp-json\/wp\/v2\/media?parent=10162"}],"wp:term":[{"taxonomy":"category","embeddable":true,"href":"https:\/\/www.assap.ad\/fr\/wp-json\/wp\/v2\/categories?post=10162"},{"taxonomy":"post_tag","embeddable":true,"href":"https:\/\/www.assap.ad\/fr\/wp-json\/wp\/v2\/tags?post=10162"}],"curies":[{"name":"wp","href":"https:\/\/api.w.org\/{rel}","templated":true}]}}