{"id":10199,"date":"2023-08-22T11:24:00","date_gmt":"2023-08-22T09:24:00","guid":{"rendered":"https:\/\/www.assap.ad\/assurance-maladie-obligatoire-pour-les-residents-passifs\/"},"modified":"2025-07-02T09:09:45","modified_gmt":"2025-07-02T07:09:45","slug":"assurance-maladie-obligatoire-pour-les-residents-passifs","status":"publish","type":"post","link":"https:\/\/www.assap.ad\/fr\/assurances-andorre\/bloguer\/assurance-maladie-obligatoire-pour-les-residents-passifs\/","title":{"rendered":"Assurance maladie obligatoire pour les r\u00e9sidents passifs"},"content":{"rendered":"\n<p>L\u2019ann\u00e9e derni\u00e8re en Andorre, on a constat\u00e9 une augmentation du nombre de r\u00e9sidences passives. De nombreuses personnes de diff\u00e9rentes nationalit\u00e9s choisissent la Principaut\u00e9 pour en faire leur r\u00e9sidence habituelle. <\/p>\n\n<p>Les r\u00e9sidences passives regroupent toutes les personnes qui vivent \u00e0 la campagne, mais ne travaillent pas en principaut\u00e9. L&rsquo;une des diff\u00e9rences entre la r\u00e9sidence passive et celle des personnes r\u00e9sidant parce qu&rsquo;elles travaillent dans le pays est que ces derni\u00e8res ont droit \u00e0 la s\u00e9curit\u00e9 sociale andorrane. <\/p>\n\n<p>Par cons\u00e9quent, l\u2019une des conditions requises pour la r\u00e9sidence passive est d\u2019avoir une assurance m\u00e9dicale, invalidit\u00e9 et retraite qui couvre en Andorre :<\/p>\n\n<ul class=\"wp-block-list\">\n<li><a href=\"https:\/\/www.assap.ad\/es\/salud\">Assurance maladie &#8211; ASSAP<\/a> :<\/li>\n<\/ul>\n\n<p>Remboursement de tous les frais m\u00e9dicaux dans le pays (taux CASS) + dans tous les centres agr\u00e9\u00e9s par l&rsquo;entreprise en Espagne.<\/p>\n\n<ul class=\"wp-block-list\">\n<li><a href=\"https:\/\/www.assap.ad\/es\/salud\">Assurance invalidit\u00e9 et retraite &#8211; ASSAP<\/a> :<\/li>\n<\/ul>\n\n<p>Couverture en cas d&rsquo;invalidit\u00e9 totale et contrat d&rsquo;\u00e9pargne remboursable de 5 ans.<br\/>*Les mineurs et les personnes de plus de 60 ans n\u2019auront besoin que d\u2019une assurance m\u00e9dicale.<br\/>En plus des soins de sant\u00e9 pour les r\u00e9sidents passifs, nous proposons une gamme de plus de 50 produits, personnels et professionnels, qui peuvent compl\u00e9ter les besoins de tous les r\u00e9sidents passifs, au-del\u00e0 du respect des exigences l\u00e9gales exigeant un permis de s\u00e9jour passif ( <a href=\"https:\/\/www.assap.ad\/solicitar-pressupost\">voiture, maison, investissement)<\/a> . <a href=\"https:\/\/www.assap.ad\/solicitar-pressupost\">, entreprise<\/a> , etc&#8230;)<br\/>Pour demander la r\u00e9sidence passive, conform\u00e9ment \u00e0 la l\u00e9gislation en vigueur, les conditions suivantes doivent \u00eatre remplies :<\/p>\n\n<ul class=\"wp-block-list\">\n<li>Investissement minimum de 400 000 \u20ac dans le pays.<\/li>\n\n\n\n<li>Vivez dans le pays au moins 90 jours par an.<\/li>\n\n\n\n<li>Caution \u00e0 l&rsquo;Autorit\u00e9 Financi\u00e8re Andorrane (AFA) pour un montant de 50 000 euros. Par ailleurs, le propri\u00e9taire doit \u00e9galement verser la somme de 10 000 euros pour chacune des personnes dont il d\u00e9pend (conjoint, enfants&#8230;) <\/li>\n\n\n\n<li>Certificat de casier judiciaire et qu&rsquo;il est visiblement vierge.<\/li>\n\n\n\n<li>Certificat attestant que vous poss\u00e9dez un logement en Andorre (achat ou location)<\/li>\n\n\n\n<li>Attestation d&rsquo;assurance maladie, invalidit\u00e9 et retraite.<\/li>\n\n\n\n<li>Faites un contr\u00f4le m\u00e9dical.<\/li>\n\n\n\n<li>D\u00e9montrez que vos revenus sont sup\u00e9rieurs \u00e0 300% du salaire minimum andorran et \u00e0 100% pour chacune des personnes dont vous d\u00e9pendez (conjoint, enfants&#8230;)<\/li>\n<\/ul>\n\n<p><br\/>Enfin, une fois l&rsquo;ensemble du processus approuv\u00e9 et notre r\u00e9sidence valid\u00e9e, elle est accord\u00e9e pour une dur\u00e9e de deux ans, puis renouvel\u00e9e pour deux ans suppl\u00e9mentaires, le renouvellement suivant pour trois ans et les renouvellements ult\u00e9rieurs pour une dur\u00e9e de dix ans. .<\/p>\n","protected":false},"excerpt":{"rendered":"<p>L\u2019ann\u00e9e derni\u00e8re en Andorre, on a constat\u00e9 une augmentation du nombre de r\u00e9sidences passives. De nombreuses personnes de diff\u00e9rentes nationalit\u00e9s choisissent la Principaut\u00e9 pour en faire leur r\u00e9sidence habituelle. Les r\u00e9sidences passives regroupent toutes les personnes qui vivent \u00e0 la campagne, mais ne travaillent pas en principaut\u00e9. L&rsquo;une des diff\u00e9rences entre la r\u00e9sidence passive et [&hellip;]<\/p>\n","protected":false},"author":1,"featured_media":6495,"comment_status":"closed","ping_status":"closed","sticky":false,"template":"","format":"standard","meta":{"_acf_changed":false,"_et_pb_use_builder":"","_et_pb_old_content":"","_et_gb_content_width":"","inline_featured_image":false,"footnotes":""},"categories":[67],"tags":[],"class_list":["post-10199","post","type-post","status-publish","format-standard","has-post-thumbnail","hentry","category-bloguer"],"acf":[],"_links":{"self":[{"href":"https:\/\/www.assap.ad\/fr\/wp-json\/wp\/v2\/posts\/10199","targetHints":{"allow":["GET"]}}],"collection":[{"href":"https:\/\/www.assap.ad\/fr\/wp-json\/wp\/v2\/posts"}],"about":[{"href":"https:\/\/www.assap.ad\/fr\/wp-json\/wp\/v2\/types\/post"}],"author":[{"embeddable":true,"href":"https:\/\/www.assap.ad\/fr\/wp-json\/wp\/v2\/users\/1"}],"replies":[{"embeddable":true,"href":"https:\/\/www.assap.ad\/fr\/wp-json\/wp\/v2\/comments?post=10199"}],"version-history":[{"count":1,"href":"https:\/\/www.assap.ad\/fr\/wp-json\/wp\/v2\/posts\/10199\/revisions"}],"predecessor-version":[{"id":10201,"href":"https:\/\/www.assap.ad\/fr\/wp-json\/wp\/v2\/posts\/10199\/revisions\/10201"}],"wp:featuredmedia":[{"embeddable":true,"href":"https:\/\/www.assap.ad\/fr\/wp-json\/wp\/v2\/media\/6495"}],"wp:attachment":[{"href":"https:\/\/www.assap.ad\/fr\/wp-json\/wp\/v2\/media?parent=10199"}],"wp:term":[{"taxonomy":"category","embeddable":true,"href":"https:\/\/www.assap.ad\/fr\/wp-json\/wp\/v2\/categories?post=10199"},{"taxonomy":"post_tag","embeddable":true,"href":"https:\/\/www.assap.ad\/fr\/wp-json\/wp\/v2\/tags?post=10199"}],"curies":[{"name":"wp","href":"https:\/\/api.w.org\/{rel}","templated":true}]}}