{"id":10338,"date":"2023-08-22T10:07:00","date_gmt":"2023-08-22T08:07:00","guid":{"rendered":"https:\/\/www.assap.ad\/au-revoir-2020-bienvenue-2021\/"},"modified":"2024-10-23T18:51:43","modified_gmt":"2024-10-23T16:51:43","slug":"au-revoir-2020-bienvenue-2021","status":"publish","type":"post","link":"https:\/\/www.assap.ad\/fr\/assurances-andorre\/bloguer\/au-revoir-2020-bienvenue-2021\/","title":{"rendered":"Au revoir 2020, bienvenue 2021 !"},"content":{"rendered":"\n<p>Nous sommes \u00e0 quelques jours de mettre fin \u00e0 une ann\u00e9e diff\u00e9rente et \u00e9trange que beaucoup d\u2019entre nous esp\u00e8rent ne plus avoir \u00e0 revivre.<\/p>\n\n<p>Mais tout n\u2019a pas \u00e9t\u00e9 n\u00e9gatif en cette ann\u00e9e 2020. Depuis l\u2019ASSAP, nous souhaitons souligner les \u00e9v\u00e9nements positifs de cette ann\u00e9e (nous connaissons tous d\u00e9j\u00e0 les n\u00e9gatifs)\u00a0: <\/p>\n\n<ul class=\"wp-block-list\">\n<li><strong>Moins de pollution<\/strong><\/li>\n<\/ul>\n\n<p>La quarantaine et le t\u00e9l\u00e9travail nous ont apport\u00e9 beaucoup de choses n\u00e9gatives, c&rsquo;est vrai, mais nous devons aussi affirmer que nous avons r\u00e9ussi \u00e0 r\u00e9duire les niveaux de pollution et \u00e0 atteindre des niveaux qui n&rsquo;ont pas \u00e9t\u00e9 atteints depuis de nombreuses ann\u00e9es.<\/p>\n\n<ul class=\"wp-block-list\">\n<li><strong>L&rsquo;eau des rivi\u00e8res, des lacs, des mers et des canaux&#8230; Plus propre <\/strong><\/li>\n<\/ul>\n\n<p>Nous avons constat\u00e9 \u00e0 quel point la qualit\u00e9 de l\u2019eau s\u2019est am\u00e9lior\u00e9e de mani\u00e8re exponentielle pratiquement partout dans le monde. Nos \u00ab amis \u00bb marins respirent beaucoup mieux. <\/p>\n\n<ul class=\"wp-block-list\">\n<li><strong>L&rsquo;\u00eatre humain a \u00e9volu\u00e9<\/strong><\/li>\n<\/ul>\n\n<p>En raison de la pand\u00e9mie de COVID19, les actes de gentillesse et de bonne foi sont notre pain quotidien (et nous en sommes tr\u00e8s heureux ! :))<\/p>\n\n<p>Les jeunes se sont consacr\u00e9s \u00e0 aider ceux qui en ont le plus besoin, nous avons voyag\u00e9 pour apporter de la nourriture \u00e0 ceux qui en ont le plus besoin, nous nous sommes soutenus les uns les autres et avons partag\u00e9 des moments d&rsquo;angoisse avec nos voisins (je suis s\u00fbr que vous ne les connaissiez m\u00eame pas avant) et nous avons pu voir comment un petit pays comme Andorre, en rameant ensemble, devient un tr\u00e8s grand pays.<\/p>\n\n<p>Et finalement&#8230; Cela a \u00e9t\u00e9 une ann\u00e9e o\u00f9 nous avons beaucoup plus valoris\u00e9 les personnes que nous avons \u00e0 nos c\u00f4t\u00e9s, nous avons valoris\u00e9 ce qui est vraiment important et ce n&rsquo;est rien d&rsquo;autre que de partager notre temps avec ceux que nous aimons le plus et avec ceux que nous aimer le plus qu&rsquo;ils veulent. <\/p>\n\n<p><strong>Et que peut-on attendre de 2021 ?<\/strong><\/p>\n\n<p>La pand\u00e9mie continuera s\u00fbrement d&rsquo;\u00eatre pr\u00e9sente de nos jours, mais avec une vision plus optimiste puisque les vaccins ont d\u00e9j\u00e0 commenc\u00e9 \u00e0 \u00eatre administr\u00e9s, nous pourrons continuer \u00e0 voyager et \u00e0 nous d\u00e9placer comme avant, et j&rsquo;esp\u00e8re que les entreprises commenceront \u00e0 se r\u00e9tablir comme avant la pand\u00e9mie. niveaux.<\/p>\n\n<p>Et surtout&#8230; Nous ne tomberons pas dans la m\u00eame erreur d&rsquo;oublier la famille, les amis, les coll\u00e8gues, les partenaires, les voisins&#8230; D&rsquo;oublier les personnes que nous aimons et celles qui nous aiment.  <\/p>\n\n<p><strong>Bienvenue 2021 ! Nous avons h\u00e2te de vous voir !   <\/strong><strong>\ud83d\ude42  <\/strong><\/p>\n","protected":false},"excerpt":{"rendered":"<p>Nous sommes \u00e0 quelques jours de mettre fin \u00e0 une ann\u00e9e diff\u00e9rente et \u00e9trange que beaucoup d\u2019entre nous esp\u00e8rent ne plus avoir \u00e0 revivre. Mais tout n\u2019a pas \u00e9t\u00e9 n\u00e9gatif en cette ann\u00e9e 2020. Depuis l\u2019ASSAP, nous souhaitons souligner les \u00e9v\u00e9nements positifs de cette ann\u00e9e (nous connaissons tous d\u00e9j\u00e0 les n\u00e9gatifs)\u00a0: La quarantaine et le [&hellip;]<\/p>\n","protected":false},"author":1,"featured_media":6438,"comment_status":"closed","ping_status":"closed","sticky":false,"template":"","format":"standard","meta":{"_acf_changed":false,"_et_pb_use_builder":"","_et_pb_old_content":"","_et_gb_content_width":"","inline_featured_image":false,"footnotes":""},"categories":[67],"tags":[],"class_list":["post-10338","post","type-post","status-publish","format-standard","has-post-thumbnail","hentry","category-bloguer"],"acf":[],"_links":{"self":[{"href":"https:\/\/www.assap.ad\/fr\/wp-json\/wp\/v2\/posts\/10338","targetHints":{"allow":["GET"]}}],"collection":[{"href":"https:\/\/www.assap.ad\/fr\/wp-json\/wp\/v2\/posts"}],"about":[{"href":"https:\/\/www.assap.ad\/fr\/wp-json\/wp\/v2\/types\/post"}],"author":[{"embeddable":true,"href":"https:\/\/www.assap.ad\/fr\/wp-json\/wp\/v2\/users\/1"}],"replies":[{"embeddable":true,"href":"https:\/\/www.assap.ad\/fr\/wp-json\/wp\/v2\/comments?post=10338"}],"version-history":[{"count":1,"href":"https:\/\/www.assap.ad\/fr\/wp-json\/wp\/v2\/posts\/10338\/revisions"}],"predecessor-version":[{"id":10339,"href":"https:\/\/www.assap.ad\/fr\/wp-json\/wp\/v2\/posts\/10338\/revisions\/10339"}],"wp:featuredmedia":[{"embeddable":true,"href":"https:\/\/www.assap.ad\/fr\/wp-json\/wp\/v2\/media\/6438"}],"wp:attachment":[{"href":"https:\/\/www.assap.ad\/fr\/wp-json\/wp\/v2\/media?parent=10338"}],"wp:term":[{"taxonomy":"category","embeddable":true,"href":"https:\/\/www.assap.ad\/fr\/wp-json\/wp\/v2\/categories?post=10338"},{"taxonomy":"post_tag","embeddable":true,"href":"https:\/\/www.assap.ad\/fr\/wp-json\/wp\/v2\/tags?post=10338"}],"curies":[{"name":"wp","href":"https:\/\/api.w.org\/{rel}","templated":true}]}}