{"id":10354,"date":"2023-08-22T07:50:00","date_gmt":"2023-08-22T05:50:00","guid":{"rendered":"https:\/\/www.assap.ad\/calendrier-de-travail-2020-andorre\/"},"modified":"2024-10-23T18:52:43","modified_gmt":"2024-10-23T16:52:43","slug":"calendrier-de-travail-2020-andorre","status":"publish","type":"post","link":"https:\/\/www.assap.ad\/fr\/assurances-andorre\/bloguer\/calendrier-de-travail-2020-andorre\/","title":{"rendered":"Calendrier de travail 2020, Andorre"},"content":{"rendered":"\n<p>Au travail, on vous demande s\u00fbrement d\u00e9j\u00e0 de planifier vos vacances pour 2020. Il y a des gens qui les organisent un an \u00e0 l&rsquo;avance et il y a ceux qui le font \u00e0 la vol\u00e9e. <\/p>\n\n<p>Quelles que soient les v\u00f4tres, gardez \u00e0 l\u2019esprit les vacances en Andorre dont nous profiterons cette ann\u00e9e 2020.<\/p>\n\n<p>D&rsquo;abord une recommandation !!! N&rsquo;oubliez pas <a href=\"https:\/\/www.assap.ad\/es\/seguros-andorra\/blog\/es-necesario-un-seguro-de-asistencia-en-viajes\">de souscrire une assurance voyage<\/a> , et o\u00f9 que vous alliez, faites-le sereinement !  <\/p>\n\n<p>Nous d\u00e9taillons ci-dessous les jours f\u00e9ri\u00e9s nationaux et paroissiaux d\u2019Andorre en vigueur pour cette ann\u00e9e 2020 :<br\/> <\/p>\n","protected":false},"excerpt":{"rendered":"<p>Au travail, on vous demande s\u00fbrement d\u00e9j\u00e0 de planifier vos vacances pour 2020. Il y a des gens qui les organisent un an \u00e0 l&rsquo;avance et il y a ceux qui le font \u00e0 la vol\u00e9e. Quelles que soient les v\u00f4tres, gardez \u00e0 l\u2019esprit les vacances en Andorre dont nous profiterons cette ann\u00e9e 2020. D&rsquo;abord [&hellip;]<\/p>\n","protected":false},"author":1,"featured_media":6333,"comment_status":"closed","ping_status":"closed","sticky":false,"template":"","format":"standard","meta":{"_acf_changed":false,"_et_pb_use_builder":"","_et_pb_old_content":"","_et_gb_content_width":"","inline_featured_image":false,"footnotes":""},"categories":[67],"tags":[],"class_list":["post-10354","post","type-post","status-publish","format-standard","has-post-thumbnail","hentry","category-bloguer"],"acf":[],"_links":{"self":[{"href":"https:\/\/www.assap.ad\/fr\/wp-json\/wp\/v2\/posts\/10354","targetHints":{"allow":["GET"]}}],"collection":[{"href":"https:\/\/www.assap.ad\/fr\/wp-json\/wp\/v2\/posts"}],"about":[{"href":"https:\/\/www.assap.ad\/fr\/wp-json\/wp\/v2\/types\/post"}],"author":[{"embeddable":true,"href":"https:\/\/www.assap.ad\/fr\/wp-json\/wp\/v2\/users\/1"}],"replies":[{"embeddable":true,"href":"https:\/\/www.assap.ad\/fr\/wp-json\/wp\/v2\/comments?post=10354"}],"version-history":[{"count":1,"href":"https:\/\/www.assap.ad\/fr\/wp-json\/wp\/v2\/posts\/10354\/revisions"}],"predecessor-version":[{"id":10356,"href":"https:\/\/www.assap.ad\/fr\/wp-json\/wp\/v2\/posts\/10354\/revisions\/10356"}],"wp:featuredmedia":[{"embeddable":true,"href":"https:\/\/www.assap.ad\/fr\/wp-json\/wp\/v2\/media\/6333"}],"wp:attachment":[{"href":"https:\/\/www.assap.ad\/fr\/wp-json\/wp\/v2\/media?parent=10354"}],"wp:term":[{"taxonomy":"category","embeddable":true,"href":"https:\/\/www.assap.ad\/fr\/wp-json\/wp\/v2\/categories?post=10354"},{"taxonomy":"post_tag","embeddable":true,"href":"https:\/\/www.assap.ad\/fr\/wp-json\/wp\/v2\/tags?post=10354"}],"curies":[{"name":"wp","href":"https:\/\/api.w.org\/{rel}","templated":true}]}}