{"id":10551,"date":"2023-08-22T07:18:00","date_gmt":"2023-08-22T05:18:00","guid":{"rendered":"https:\/\/www.assap.ad\/concours-de-photographie-assap-fira-de-andorre-2019\/"},"modified":"2024-10-23T18:54:23","modified_gmt":"2024-10-23T16:54:23","slug":"concours-de-photographie-assap-fira-de-andorre-2019","status":"publish","type":"post","link":"https:\/\/www.assap.ad\/fr\/assurances-andorre\/bloguer\/concours-de-photographie-assap-fira-de-andorre-2019\/","title":{"rendered":"Concours de photographie Assap, Fira de Andorra 2019"},"content":{"rendered":"\n<p>Vous aimez <strong>la photographie<\/strong> ? \u00cates-vous <strong>fan de la Fira d&rsquo;Andorra la Vella<\/strong> ? Alors ce <strong>concours<\/strong> est fait pour vous.  <\/p>\n\n<p><strong>Les 25, 26 et 27, \u00e0 l&rsquo;<\/strong> occasion de la <a href=\"https:\/\/www.assap.ad\/es\/seguros-andorra\/blog\/fira-de-andorra-la-vella-2019\"><strong>41\u00e8me \u00e9dition de la Foire d&rsquo;Andorre 2019<\/strong> , l&rsquo;ASSAP sera pr\u00e9sente chez un exposant<\/a> .<\/p>\n\n<p>Profitant du fait que nous distribuerons \u00e9galement des <em>d\u00e9pliants<\/em> <strong>avec une r\u00e9duction sur toute assurance annuelle, souhaitez-vous obtenir 2 billets pour Caldea<\/strong> ?<\/p>\n\n<h2 class=\"wp-block-heading\">Comment participer au concours de photographie Assap Seguros, Fira de Andorra 2019<\/h2>\n\n<ul class=\"wp-block-list\">\n<li>Avoir <strong>plus de 25 ans<\/strong> .<\/li>\n\n\n\n<li>Suivez le compte <strong>Facebook d&rsquo;Assap Assegurances<\/strong><\/li>\n\n\n\n<li><strong>Aimez<\/strong> le post du concours<\/li>\n\n\n\n<li>Prenez une photo \u00e0 notre salon exposant.<\/li>\n\n\n\n<li>T\u00e9l\u00e9chargez la photo sur votre <strong>mur Facebook<\/strong> .<\/li>\n\n\n\n<li><strong>Marquez la photo<\/strong> avec les hashtags suivants \ud83d\ude15 <strong>#assapassegurances #assapfiraandorra #concursassap #assapzurichfiatcandorra<\/strong><\/li>\n\n\n\n<li><strong>Abonnez-vous \u00e0 notre newsletter<\/strong> sur notre <a href=\"https:\/\/www.assap.ad\/es\">site internet<\/a><\/li>\n\n\n\n<li>En participant, vous acceptez <a href=\"https:\/\/www.assap.ad\/sites\/default\/files\/AASAP_Continguts\/bases_concurs_assap_fira_2019.pdf\" target=\"_blank\" rel=\"noreferrer noopener\">le<\/a> r\u00e8glement du concours.<\/li>\n<\/ul>\n\n<p>La photo qui aura <strong>le plus <em>de likes<\/em> le 28.10 \u00e0 9h30 du matin<\/strong> sera la gagnante !<\/p>\n\n<p>Surtout, gardez \u00e0 l&rsquo;esprit qu&rsquo;au moment de prendre la photo chez <strong>notre exposant au salon<\/strong> , <strong>son fonctionnement normal ne peut \u00eatre interrompu<\/strong> . Autrement dit, <strong>le mobilier et\/ou le personnel ne peuvent pas \u00eatre d\u00e9plac\u00e9s, modifi\u00e9s, ajout\u00e9s ou touch\u00e9s<\/strong> . <\/p>\n\n<p>Bonne chance \u00e0 tous !<\/p>\n","protected":false},"excerpt":{"rendered":"<p>Vous aimez la photographie ? \u00cates-vous fan de la Fira d&rsquo;Andorra la Vella ? Alors ce concours est fait pour vous. Les 25, 26 et 27, \u00e0 l&rsquo; occasion de la 41\u00e8me \u00e9dition de la Foire d&rsquo;Andorre 2019 , l&rsquo;ASSAP sera pr\u00e9sente chez un exposant . Profitant du fait que nous distribuerons \u00e9galement des d\u00e9pliants [&hellip;]<\/p>\n","protected":false},"author":1,"featured_media":6303,"comment_status":"closed","ping_status":"closed","sticky":false,"template":"","format":"standard","meta":{"_acf_changed":false,"_et_pb_use_builder":"","_et_pb_old_content":"","_et_gb_content_width":"","inline_featured_image":false,"footnotes":""},"categories":[67],"tags":[],"class_list":["post-10551","post","type-post","status-publish","format-standard","has-post-thumbnail","hentry","category-bloguer"],"acf":[],"_links":{"self":[{"href":"https:\/\/www.assap.ad\/fr\/wp-json\/wp\/v2\/posts\/10551","targetHints":{"allow":["GET"]}}],"collection":[{"href":"https:\/\/www.assap.ad\/fr\/wp-json\/wp\/v2\/posts"}],"about":[{"href":"https:\/\/www.assap.ad\/fr\/wp-json\/wp\/v2\/types\/post"}],"author":[{"embeddable":true,"href":"https:\/\/www.assap.ad\/fr\/wp-json\/wp\/v2\/users\/1"}],"replies":[{"embeddable":true,"href":"https:\/\/www.assap.ad\/fr\/wp-json\/wp\/v2\/comments?post=10551"}],"version-history":[{"count":1,"href":"https:\/\/www.assap.ad\/fr\/wp-json\/wp\/v2\/posts\/10551\/revisions"}],"predecessor-version":[{"id":10553,"href":"https:\/\/www.assap.ad\/fr\/wp-json\/wp\/v2\/posts\/10551\/revisions\/10553"}],"wp:featuredmedia":[{"embeddable":true,"href":"https:\/\/www.assap.ad\/fr\/wp-json\/wp\/v2\/media\/6303"}],"wp:attachment":[{"href":"https:\/\/www.assap.ad\/fr\/wp-json\/wp\/v2\/media?parent=10551"}],"wp:term":[{"taxonomy":"category","embeddable":true,"href":"https:\/\/www.assap.ad\/fr\/wp-json\/wp\/v2\/categories?post=10551"},{"taxonomy":"post_tag","embeddable":true,"href":"https:\/\/www.assap.ad\/fr\/wp-json\/wp\/v2\/tags?post=10551"}],"curies":[{"name":"wp","href":"https:\/\/api.w.org\/{rel}","templated":true}]}}