{"id":10558,"date":"2023-08-22T07:25:00","date_gmt":"2023-08-22T05:25:00","guid":{"rendered":"https:\/\/www.assap.ad\/foire-dandorre-la-vieille-2019\/"},"modified":"2024-10-23T18:54:23","modified_gmt":"2024-10-23T16:54:23","slug":"foire-dandorre-la-vieille-2019","status":"publish","type":"post","link":"https:\/\/www.assap.ad\/fr\/assurances-andorre\/bloguer\/foire-dandorre-la-vieille-2019\/","title":{"rendered":"Foire d&rsquo;Andorre-la-Vieille, 2019"},"content":{"rendered":"\n<p>Ce week-end prochain, <strong>les 25, 26 et 27<\/strong> aura lieu la <strong>41\u00e8me \u00e9dition de la Foire d&rsquo;Andorre 2019<\/strong> .<\/p>\n\n<p><strong>Pour le tourisme, les visiteurs et les habitants d&rsquo;Andorre<\/strong> , c&rsquo;est d\u00e9j\u00e0 un <strong>\u00e9v\u00e9nement incontournable<\/strong> , puisque pendant les trois jours, des marques et\/ou des entreprises de <strong>divers secteurs<\/strong> profitent normalement de l&rsquo;occasion pour <strong>proposer des promotions<\/strong> , <strong>des r\u00e9ductions et\/ou des offres<\/strong> au public. qui ne sont <strong>valables que pendant la Foire<\/strong> . Par cons\u00e9quent, vous avez la possibilit\u00e9 de pouvoir <strong>acqu\u00e9rir\/acheter<\/strong> <strong>quelque chose \u00e0 un prix inf\u00e9rieur \u00e0 celui des autres jours<\/strong> . Par exemple, un historique <strong>ach\u00e8te le <em>forfait<\/em> saison \u00e0 Grandvalira \u00e0 un prix inf\u00e9rieur<\/strong> . Tant pour le public andorran que pour les touristes.   <\/p>\n\n<p>Comme il est d\u00e9j\u00e0 courant <strong>de proposer des promotions sp\u00e9ciales pour le salon<\/strong> , nous, <a href=\"https:\/\/www.assap.ad\/es\/seguros-andorra\/los-valores-que-nos-mueven\"><strong>ASSAP Seguros<\/strong><\/a> , <strong>aurons \u00e9galement un exposant<\/strong> partag\u00e9 avec l&rsquo;Andorra Yacht Club et avec l&rsquo;aide de l&rsquo;une des compagnies d&rsquo;assurance que nous repr\u00e9sentons en Andorre, comme <strong>Fiatc.<\/strong> Cette ann\u00e9e, <strong>nous distribuerons des <em>d\u00e9pliants<\/em> avec une r\u00e9duction sur toute assurance annuelle<\/strong> et, <strong>comme nouveaut\u00e9<\/strong> , aura lieu <strong>le <a href=\"https:\/\/www.assap.ad\/es\/seguros-andorra\/blog\/concurso-fotografico-assap-fira-de-andorra-2019\">concours de photographie Assap Fira 2019<\/a><\/strong> , <strong>dans lequel vous pourrez gagner deux billets pour Caldea<\/strong> .<\/p>\n\n<p>Tous ceux qui ont d\u00e9j\u00e0 visit\u00e9 la foire savent plus ou moins ce qu&rsquo;on peut y trouver, mais nous pensons que <strong>la grande inconnue est son histoire, ses origines<\/strong> .<\/p>\n\n<p>L&rsquo; <strong>histoire de la Foire d&rsquo;Andorre<\/strong> trouve son <strong>origine dans les march\u00e9s aux bestiaux<\/strong> qui se tenaient avant l&rsquo;arriv\u00e9e de l&rsquo;hiver, ce qui rendait plus difficile l&rsquo;achat de certains produits par les <strong>Andorrans<\/strong> . Dans les <strong>ann\u00e9es 90,<\/strong> ce <strong>march\u00e9<\/strong> \u00e9tait d\u00e9j\u00e0 consolid\u00e9 comme <strong>une foire<\/strong> dans laquelle un lieu d&rsquo;\u00e9change entre <strong>exposants<\/strong> et <strong>visiteurs<\/strong> devenait un lieu. <\/p>\n\n<p>Cet \u00e9v\u00e9nement, il s&rsquo;agit actuellement d&rsquo;une <strong>foire multisectorielle<\/strong> , situ\u00e9e dans le <strong>parc central d&rsquo;Andorre-la-vieja<\/strong> , dans laquelle, sur ses 12 000 m2, vous trouverez quelques 197 exposants, r\u00e9partis tels que le <strong>secteur du tourisme, de la gastronomie, des services, du commerce, de l&rsquo;automobile. et aussi des institutions publiques et priv\u00e9es<\/strong> &#8230; Etc. De plus, vous pouvez \u00e9galement trouver <strong>des exposants des villes voisines des Pyr\u00e9n\u00e9es<\/strong> qui <strong>pr\u00e9sentent des produits agricoles et artisanaux<\/strong> , il y a \u00e9videmment aussi <strong>des produits artisanaux d&rsquo;Andorre<\/strong> . \u00c0 l&rsquo;ext\u00e9rieur de la tente, il y a aussi <strong>des stands<\/strong> , presque tous destin\u00e9s au <strong>march\u00e9 artisanal<\/strong> .   <\/p>\n\n<p><strong>Les associations, entit\u00e9s et\/ou clubs<\/strong> disposent \u00e9galement d&rsquo;un lieu, comme <a href=\"https:\/\/www.atida.ad\/\" rel=\"noreferrer noopener nofollow\" target=\"_blank\">ATIDA<\/a> , dans lequel le <strong>Com\u00fa d&rsquo;Andorre-la-Vieille<\/strong> met \u00e0 disposition son propre espace d&rsquo;environ 1 000 m2, dans lequel ils organisent <strong>des activit\u00e9s et des spectacles<\/strong> .<br\/><br\/>Alors maintenant vous savez, si vous ne voulez pas <strong>manquer les promotions et d\u00e9couvrir de nouvelles choses, en mati\u00e8re d&rsquo;automobile, de moto, de sant\u00e9, de vie, de sport<\/strong> &#8230; Etc., ne passez pas le week-end \u00e0 la maison et venez <strong>visiter le salon<\/strong> avec votre famille. <br\/> <\/p>\n\n<p>Nous vous attendons tous !<\/p>\n\n<p>Liens d&rsquo;int\u00e9r\u00eat :<\/p>\n\n<p><a href=\"https:\/\/www.turismeandorralavella.com\/wp-content\/uploads\/2019\/04\/Dossier-comercial19.pdf\" rel=\"noreferrer noopener nofollow\" target=\"_blank\">Andorre-la-Vieille Tourisme<\/a><\/p>\n\n<p><a href=\"https:\/\/visitandorra.com\/es\/agenda\/feria-de-andorra-la-vella\/\" rel=\"noreferrer noopener nofollow\" target=\"_blank\">Visiter Andorre<\/a><\/p>\n","protected":false},"excerpt":{"rendered":"<p>Ce week-end prochain, les 25, 26 et 27 aura lieu la 41\u00e8me \u00e9dition de la Foire d&rsquo;Andorre 2019 . Pour le tourisme, les visiteurs et les habitants d&rsquo;Andorre , c&rsquo;est d\u00e9j\u00e0 un \u00e9v\u00e9nement incontournable , puisque pendant les trois jours, des marques et\/ou des entreprises de divers secteurs profitent normalement de l&rsquo;occasion pour proposer des [&hellip;]<\/p>\n","protected":false},"author":1,"featured_media":6306,"comment_status":"closed","ping_status":"closed","sticky":false,"template":"","format":"standard","meta":{"_acf_changed":false,"_et_pb_use_builder":"","_et_pb_old_content":"","_et_gb_content_width":"","inline_featured_image":false,"footnotes":""},"categories":[67],"tags":[],"class_list":["post-10558","post","type-post","status-publish","format-standard","has-post-thumbnail","hentry","category-bloguer"],"acf":[],"_links":{"self":[{"href":"https:\/\/www.assap.ad\/fr\/wp-json\/wp\/v2\/posts\/10558","targetHints":{"allow":["GET"]}}],"collection":[{"href":"https:\/\/www.assap.ad\/fr\/wp-json\/wp\/v2\/posts"}],"about":[{"href":"https:\/\/www.assap.ad\/fr\/wp-json\/wp\/v2\/types\/post"}],"author":[{"embeddable":true,"href":"https:\/\/www.assap.ad\/fr\/wp-json\/wp\/v2\/users\/1"}],"replies":[{"embeddable":true,"href":"https:\/\/www.assap.ad\/fr\/wp-json\/wp\/v2\/comments?post=10558"}],"version-history":[{"count":1,"href":"https:\/\/www.assap.ad\/fr\/wp-json\/wp\/v2\/posts\/10558\/revisions"}],"predecessor-version":[{"id":10559,"href":"https:\/\/www.assap.ad\/fr\/wp-json\/wp\/v2\/posts\/10558\/revisions\/10559"}],"wp:featuredmedia":[{"embeddable":true,"href":"https:\/\/www.assap.ad\/fr\/wp-json\/wp\/v2\/media\/6306"}],"wp:attachment":[{"href":"https:\/\/www.assap.ad\/fr\/wp-json\/wp\/v2\/media?parent=10558"}],"wp:term":[{"taxonomy":"category","embeddable":true,"href":"https:\/\/www.assap.ad\/fr\/wp-json\/wp\/v2\/categories?post=10558"},{"taxonomy":"post_tag","embeddable":true,"href":"https:\/\/www.assap.ad\/fr\/wp-json\/wp\/v2\/tags?post=10558"}],"curies":[{"name":"wp","href":"https:\/\/api.w.org\/{rel}","templated":true}]}}