{"id":10577,"date":"2023-08-21T19:17:00","date_gmt":"2023-08-21T17:17:00","guid":{"rendered":"https:\/\/www.assap.ad\/changement-dheure-saisonnier\/"},"modified":"2024-10-23T18:55:10","modified_gmt":"2024-10-23T16:55:10","slug":"changement-dheure-saisonnier","status":"publish","type":"post","link":"https:\/\/www.assap.ad\/fr\/assurances-andorre\/bloguer\/changement-dheure-saisonnier\/","title":{"rendered":"Changement d&rsquo;heure saisonnier"},"content":{"rendered":"\n<p>Le samedi soir, nous devrons avancer l&rsquo;horloge d&rsquo;une heure, c&rsquo;est-\u00e0-dire qu&rsquo;\u00e0 02h00, il sera 03h00 et nous accueillerons ainsi l&rsquo;heure d&rsquo;\u00e9t\u00e9.<\/p>\n\n<p>Pour l\u2019instant et jusqu\u2019en 2021, comme l\u2019a annonc\u00e9 le Parlement europ\u00e9en, la suppression du changement d\u2019heure saisonnier ne sera pas effective. En avril 2020, les Etats europ\u00e9ens devront communiquer quel horaire ils choisiront, \u00e9t\u00e9 ou hiver. <\/p>\n\n<p>En Espagne, la porte-parole du gouvernement et ministre de l&rsquo;\u00c9ducation, Isabel Cela\u00e1, a d\u00e9clar\u00e9 que tout et apr\u00e8s avoir \u00e9tudi\u00e9 le rapport de la commission d&rsquo;experts, aucun changement n&rsquo;est propos\u00e9. Il a \u00e9galement indiqu\u00e9 qu&rsquo;ils n&rsquo;\u00e9taient parvenus \u00e0 aucune r\u00e9solution concluante quant aux nombreuses r\u00e9percussions que cela pourrait avoir au niveau \u00e9conomique et culturel. <\/p>\n\n<p>Il faudra attendre l&rsquo;ann\u00e9e prochaine pour voir si l&rsquo;Espagne, et \u00e0 d\u00e9faut Andorre, choisit lequel des calendriers sera d\u00e9finitif.<\/p>\n\n<p>Et vous, quelle heure pr\u00e9f\u00e9rez-vous, \u00e9t\u00e9 ou hiver ? Expliquez-nous ! <\/p>\n\n<p><a href=\"https:\/\/www.assap.ad\/es\">https:\/\/www.assap.ad\/es<\/a><\/p>\n","protected":false},"excerpt":{"rendered":"<p>Le samedi soir, nous devrons avancer l&rsquo;horloge d&rsquo;une heure, c&rsquo;est-\u00e0-dire qu&rsquo;\u00e0 02h00, il sera 03h00 et nous accueillerons ainsi l&rsquo;heure d&rsquo;\u00e9t\u00e9. Pour l\u2019instant et jusqu\u2019en 2021, comme l\u2019a annonc\u00e9 le Parlement europ\u00e9en, la suppression du changement d\u2019heure saisonnier ne sera pas effective. En avril 2020, les Etats europ\u00e9ens devront communiquer quel horaire ils choisiront, \u00e9t\u00e9 [&hellip;]<\/p>\n","protected":false},"author":1,"featured_media":6216,"comment_status":"closed","ping_status":"closed","sticky":false,"template":"","format":"standard","meta":{"_acf_changed":false,"_et_pb_use_builder":"","_et_pb_old_content":"","_et_gb_content_width":"","inline_featured_image":false,"footnotes":""},"categories":[67],"tags":[],"class_list":["post-10577","post","type-post","status-publish","format-standard","has-post-thumbnail","hentry","category-bloguer"],"acf":[],"_links":{"self":[{"href":"https:\/\/www.assap.ad\/fr\/wp-json\/wp\/v2\/posts\/10577","targetHints":{"allow":["GET"]}}],"collection":[{"href":"https:\/\/www.assap.ad\/fr\/wp-json\/wp\/v2\/posts"}],"about":[{"href":"https:\/\/www.assap.ad\/fr\/wp-json\/wp\/v2\/types\/post"}],"author":[{"embeddable":true,"href":"https:\/\/www.assap.ad\/fr\/wp-json\/wp\/v2\/users\/1"}],"replies":[{"embeddable":true,"href":"https:\/\/www.assap.ad\/fr\/wp-json\/wp\/v2\/comments?post=10577"}],"version-history":[{"count":1,"href":"https:\/\/www.assap.ad\/fr\/wp-json\/wp\/v2\/posts\/10577\/revisions"}],"predecessor-version":[{"id":10579,"href":"https:\/\/www.assap.ad\/fr\/wp-json\/wp\/v2\/posts\/10577\/revisions\/10579"}],"wp:featuredmedia":[{"embeddable":true,"href":"https:\/\/www.assap.ad\/fr\/wp-json\/wp\/v2\/media\/6216"}],"wp:attachment":[{"href":"https:\/\/www.assap.ad\/fr\/wp-json\/wp\/v2\/media?parent=10577"}],"wp:term":[{"taxonomy":"category","embeddable":true,"href":"https:\/\/www.assap.ad\/fr\/wp-json\/wp\/v2\/categories?post=10577"},{"taxonomy":"post_tag","embeddable":true,"href":"https:\/\/www.assap.ad\/fr\/wp-json\/wp\/v2\/tags?post=10577"}],"curies":[{"name":"wp","href":"https:\/\/api.w.org\/{rel}","templated":true}]}}