{"id":10605,"date":"2023-08-21T19:40:00","date_gmt":"2023-08-21T17:40:00","guid":{"rendered":"https:\/\/www.assap.ad\/cyclotourisme-en-andorre\/"},"modified":"2024-10-23T18:55:22","modified_gmt":"2024-10-23T16:55:22","slug":"cyclotourisme-en-andorre","status":"publish","type":"post","link":"https:\/\/www.assap.ad\/fr\/assurances-andorre\/bloguer\/cyclotourisme-en-andorre\/","title":{"rendered":"Cyclotourisme en Andorre"},"content":{"rendered":"\n<p>La semaine derni\u00e8re, l&rsquo;un des journaux nationaux a publi\u00e9 que nous sommes le pays qui compte le plus de cyclistes professionnels r\u00e9sidant.<\/p>\n\n<p>Ce n&rsquo;est pas surprenant, car nous disposons de nombreux itin\u00e9raires et sentiers adapt\u00e9s au VTT, depuis des ports l\u00e9gendaires o\u00f9 est pass\u00e9 le \u00ab Tour de France \u00bb ou la \u00ab Vuelta Espa\u00f1a \u00bb, des sentiers et des pistes aux pentes extr\u00eames r\u00e9serv\u00e9s aux plus audacieux, des itin\u00e9raires pour ceux qui veulent marcher tranquillement, etc&#8230; Beaucoup d&rsquo;options vari\u00e9es !<\/p>\n\n<p>D\u00e9sormais avec l&rsquo;arriv\u00e9e du beau temps, des \u00e9v\u00e9nements sont organis\u00e9s \u00e0 ne pas manquer, nous en d\u00e9taillons quelques-uns :<\/p>\n\n<ul class=\"wp-block-list\">\n<li>Trial 3 Nations, 4 mai<\/li>\n\n\n\n<li>Coupe du Monde VTT, 02 &#8211; 07 juillet<\/li>\n\n\n\n<li>La Vuelta, le 1er septembre<\/li>\n<\/ul>\n\n<p>Si vous faites partie de ceux qui pratiquent ce sport et poss\u00e9dez votre propre v\u00e9lo, avec notre <a href=\"https:\/\/www.assap.ad\/es\/seguros-andorra\/hogar\">assurance habitation<\/a> , vous serez couvert en cas de vol et\/ou RC.<\/p>\n","protected":false},"excerpt":{"rendered":"<p>La semaine derni\u00e8re, l&rsquo;un des journaux nationaux a publi\u00e9 que nous sommes le pays qui compte le plus de cyclistes professionnels r\u00e9sidant. Ce n&rsquo;est pas surprenant, car nous disposons de nombreux itin\u00e9raires et sentiers adapt\u00e9s au VTT, depuis des ports l\u00e9gendaires o\u00f9 est pass\u00e9 le \u00ab Tour de France \u00bb ou la \u00ab Vuelta Espa\u00f1a [&hellip;]<\/p>\n","protected":false},"author":1,"featured_media":6228,"comment_status":"closed","ping_status":"closed","sticky":false,"template":"","format":"standard","meta":{"_acf_changed":false,"_et_pb_use_builder":"","_et_pb_old_content":"","_et_gb_content_width":"","inline_featured_image":false,"footnotes":""},"categories":[67],"tags":[],"class_list":["post-10605","post","type-post","status-publish","format-standard","has-post-thumbnail","hentry","category-bloguer"],"acf":[],"_links":{"self":[{"href":"https:\/\/www.assap.ad\/fr\/wp-json\/wp\/v2\/posts\/10605","targetHints":{"allow":["GET"]}}],"collection":[{"href":"https:\/\/www.assap.ad\/fr\/wp-json\/wp\/v2\/posts"}],"about":[{"href":"https:\/\/www.assap.ad\/fr\/wp-json\/wp\/v2\/types\/post"}],"author":[{"embeddable":true,"href":"https:\/\/www.assap.ad\/fr\/wp-json\/wp\/v2\/users\/1"}],"replies":[{"embeddable":true,"href":"https:\/\/www.assap.ad\/fr\/wp-json\/wp\/v2\/comments?post=10605"}],"version-history":[{"count":1,"href":"https:\/\/www.assap.ad\/fr\/wp-json\/wp\/v2\/posts\/10605\/revisions"}],"predecessor-version":[{"id":10607,"href":"https:\/\/www.assap.ad\/fr\/wp-json\/wp\/v2\/posts\/10605\/revisions\/10607"}],"wp:featuredmedia":[{"embeddable":true,"href":"https:\/\/www.assap.ad\/fr\/wp-json\/wp\/v2\/media\/6228"}],"wp:attachment":[{"href":"https:\/\/www.assap.ad\/fr\/wp-json\/wp\/v2\/media?parent=10605"}],"wp:term":[{"taxonomy":"category","embeddable":true,"href":"https:\/\/www.assap.ad\/fr\/wp-json\/wp\/v2\/categories?post=10605"},{"taxonomy":"post_tag","embeddable":true,"href":"https:\/\/www.assap.ad\/fr\/wp-json\/wp\/v2\/tags?post=10605"}],"curies":[{"name":"wp","href":"https:\/\/api.w.org\/{rel}","templated":true}]}}