{"id":10608,"date":"2023-08-21T19:49:00","date_gmt":"2023-08-21T17:49:00","guid":{"rendered":"https:\/\/www.assap.ad\/agenda-concert-2019\/"},"modified":"2024-10-23T18:55:22","modified_gmt":"2024-10-23T16:55:22","slug":"agenda-concert-2019","status":"publish","type":"post","link":"https:\/\/www.assap.ad\/fr\/assurances-andorre\/bloguer\/agenda-concert-2019\/","title":{"rendered":"Agenda des concerts 2019"},"content":{"rendered":"\n<p>Nous aimerions pouvoir assister \u00e0 tous, mais c&rsquo;est pratiquement impossible, alors pour les chanceux qui ont d\u00e9j\u00e0 un billet ou pour ceux qui d\u00e9couvrent maintenant tout ce qui va arriver, nous d\u00e9taillons ci-dessous les concerts que nous allons avoir \u00ab\u00a0pr\u00e8s\u00a0\u00bb du domicile des prochaines tourn\u00e9es internationales.<br\/> <\/p>\n\n<ul class=\"wp-block-list\">\n<li>Morat<\/li>\n<\/ul>\n\n<p>Cette ann\u00e9e 2019, le quatuor pop colombien d\u00e9barquera le 12 mai au WiZink Center de Madrid et le 18 mai au Sant Jordi Club de Barcelone.<\/p>\n\n<ul class=\"wp-block-list\">\n<li>Gar\u00e7ons des coulisses<\/li>\n<\/ul>\n\n<p>Le \u00ab\u00a0boy band\u00a0\u00bb par excellence des ann\u00e9es 90 pr\u00e9sentera sa tourn\u00e9e mondiale en Espagne le 13 mai au WiZink Center de Madrid et le 17 mai au Palau Sant Jordi de Barcelone.<\/p>\n\n<ul class=\"wp-block-list\">\n<li>Rammstein<\/li>\n<\/ul>\n\n<p>Le groupe de metal allemand a d\u00e9j\u00e0 vendu les billets pour son unique concert en Espagne, qui aura lieu le 1er juin au stade Real ClubDeportivo Espanyol de Barcelone.<\/p>\n\n<ul class=\"wp-block-list\">\n<li>Ed Sheeran<\/li>\n<\/ul>\n\n<p>Au cours des trois premi\u00e8res heures de mise en vente, les billets \u00e9taient pratiquement \u00e9puis\u00e9s, le 7 juin au Stade olympique de Montjuic et le 11 juin au Wanda Metropolitano.<\/p>\n\n<ul class=\"wp-block-list\">\n<li>Elton John<\/li>\n<\/ul>\n\n<p>Les adieux du grand Sir Elton John sont \u00e9galement complets, mais si vous avez l&rsquo;occasion de voyager plus loin, renseignez-vous sur les 300 dates de sa tourn\u00e9e mondiale. Le 26 juin au WiZink Center. <\/p>\n\n<ul class=\"wp-block-list\">\n<li>Bon Jovi<\/li>\n<\/ul>\n\n<p>Il jouera le 7 juillet prochain \u00e0 Madrid pour pr\u00e9senter sa derni\u00e8re \u0153uvre, \u00ab\u00a0Cette maison n&rsquo;est pas \u00e0 vendre\u00a0\u00bb (2016).<\/p>\n\n<ul class=\"wp-block-list\">\n<li>Muse<\/li>\n<\/ul>\n\n<p>Le trio rock britannique fait \u00e9tape de sa tourn\u00e9e mondiale au Wanda Metropolitano de Madrid le 26 juillet. Rassurez-vous, il reste encore des billets ! <\/p>\n\n<ul class=\"wp-block-list\">\n<li>Michael Bubl\u00e9<\/li>\n<\/ul>\n\n<p>Le Canadien vient de sortir son album \u00ab Love \u00bb qu&rsquo;il pr\u00e9sentera au Palau Sant Jordi et au WiZink Center les 27 et 28 septembre.<\/p>\n\n<ul class=\"wp-block-list\">\n<li>Alexandre Sanz<\/li>\n<\/ul>\n\n<p>L&rsquo;un des grands artistes espagnols ne fera que quatre concerts en Espagne : \u00e0 S\u00e9ville le 1er juin, \u00e0 Barcelone le 8 juin, \u00e0 Madrid le 15 juin et \u00e0 Elche le 21 juin.<\/p>\n\n<p>Parce que sans musique, on ne peut pas vivre ! Alors profitez des bons artistes, chaque fois que vous le pouvez\u00a0! <\/p>\n","protected":false},"excerpt":{"rendered":"<p>Nous aimerions pouvoir assister \u00e0 tous, mais c&rsquo;est pratiquement impossible, alors pour les chanceux qui ont d\u00e9j\u00e0 un billet ou pour ceux qui d\u00e9couvrent maintenant tout ce qui va arriver, nous d\u00e9taillons ci-dessous les concerts que nous allons avoir \u00ab\u00a0pr\u00e8s\u00a0\u00bb du domicile des prochaines tourn\u00e9es internationales. Cette ann\u00e9e 2019, le quatuor pop colombien d\u00e9barquera le [&hellip;]<\/p>\n","protected":false},"author":1,"featured_media":6234,"comment_status":"closed","ping_status":"closed","sticky":false,"template":"","format":"standard","meta":{"_acf_changed":false,"_et_pb_use_builder":"","_et_pb_old_content":"","_et_gb_content_width":"","inline_featured_image":false,"footnotes":""},"categories":[67],"tags":[],"class_list":["post-10608","post","type-post","status-publish","format-standard","has-post-thumbnail","hentry","category-bloguer"],"acf":[],"_links":{"self":[{"href":"https:\/\/www.assap.ad\/fr\/wp-json\/wp\/v2\/posts\/10608","targetHints":{"allow":["GET"]}}],"collection":[{"href":"https:\/\/www.assap.ad\/fr\/wp-json\/wp\/v2\/posts"}],"about":[{"href":"https:\/\/www.assap.ad\/fr\/wp-json\/wp\/v2\/types\/post"}],"author":[{"embeddable":true,"href":"https:\/\/www.assap.ad\/fr\/wp-json\/wp\/v2\/users\/1"}],"replies":[{"embeddable":true,"href":"https:\/\/www.assap.ad\/fr\/wp-json\/wp\/v2\/comments?post=10608"}],"version-history":[{"count":1,"href":"https:\/\/www.assap.ad\/fr\/wp-json\/wp\/v2\/posts\/10608\/revisions"}],"predecessor-version":[{"id":10610,"href":"https:\/\/www.assap.ad\/fr\/wp-json\/wp\/v2\/posts\/10608\/revisions\/10610"}],"wp:featuredmedia":[{"embeddable":true,"href":"https:\/\/www.assap.ad\/fr\/wp-json\/wp\/v2\/media\/6234"}],"wp:attachment":[{"href":"https:\/\/www.assap.ad\/fr\/wp-json\/wp\/v2\/media?parent=10608"}],"wp:term":[{"taxonomy":"category","embeddable":true,"href":"https:\/\/www.assap.ad\/fr\/wp-json\/wp\/v2\/categories?post=10608"},{"taxonomy":"post_tag","embeddable":true,"href":"https:\/\/www.assap.ad\/fr\/wp-json\/wp\/v2\/tags?post=10608"}],"curies":[{"name":"wp","href":"https:\/\/api.w.org\/{rel}","templated":true}]}}