{"id":10616,"date":"2023-08-21T19:45:00","date_gmt":"2023-08-21T17:45:00","guid":{"rendered":"https:\/\/www.assap.ad\/lere-de-la-voiture-electrique\/"},"modified":"2024-10-23T18:55:22","modified_gmt":"2024-10-23T16:55:22","slug":"lere-de-la-voiture-electrique","status":"publish","type":"post","link":"https:\/\/www.assap.ad\/fr\/assurances-andorre\/bloguer\/lere-de-la-voiture-electrique\/","title":{"rendered":"L&rsquo;\u00e8re de la voiture \u00e9lectrique"},"content":{"rendered":"\n<p>Nous sommes \u00e0 l\u2019\u00e8re de la r\u00e9volution technologique. L\u2019un des changements les plus notables que nous connaissons est l\u2019int\u00e9r\u00eat que manifestent les institutions et les grandes entreprises pour adh\u00e9rer \u00e0 la n\u00e9cessit\u00e9 d\u2019\u00eatre respectueux de l\u2019environnement, en pariant sur la durabilit\u00e9 dans tous les domaines. <\/p>\n\n<p>L&rsquo;un des secteurs qui sera le plus touch\u00e9 par la r\u00e9glementation et qui sera appliqu\u00e9 le plus strictement sera celui de l&rsquo;automobile. La l\u00e9gislation mondiale, et plus particuli\u00e8rement sur le territoire de l&rsquo;Union europ\u00e9enne, vise \u00e0 renouveler le parc automobile actuel pour un parc plus durable et \u00e9cologique. <\/p>\n\n<p>Une r\u00e9alit\u00e9 qui affectera toutes les entreprises li\u00e9es au monde automobile et qui, plus ou moins, devront s&rsquo;adapter \u00e0 la nouvelle situation. Dans l\u2019ensemble, il reste encore quelques d\u00e9fis techniques, comme la disponibilit\u00e9 et la vitesse de chargement. Et \u00e9conomique, comme le prix des piles.  <\/p>\n\n<p>Un autre aspect tr\u00e8s important \u00e0 prendre en compte dans les v\u00e9hicules \u00e9lectriques est la composition de la voiture elle-m\u00eame. Le moteur est nettement plus simple qu&rsquo;un moteur \u00e0 combustible fossile, de nombreux composants seront donc \u00e9limin\u00e9s, ce qui entra\u00eenera une r\u00e9duction des co\u00fbts de maintenance. <\/p>\n\n<p>De nombreux doutes pr\u00e9occupent encore de nombreux utilisateurs, dont l\u2019un affectera le changement de leur police d\u2019assurance. Conscients de cela, les assureurs ont d\u00e9j\u00e0 des missions tr\u00e8s avanc\u00e9es et permettent peu \u00e0 peu aux contrats de r\u00e9soudre toutes les options. <\/p>\n\n<p>Comme tout v\u00e9hicule, nous pouvons assurer la voiture \u00e9lectrique aux tiers, aux tiers complets, \u00e0 tous risques&#8230;. Or, quelques couvertures doivent \u00eatre prises en compte lorsqu&rsquo;il s&rsquo;agit de bien assurer une voiture \u00e9lectrique.<\/p>\n\n<p>D\u2019une part, la couverture contre le vol du c\u00e2ble de recharge, mais aussi l\u2019assistance routi\u00e8re en cas d\u2019erreur ou d\u2019\u00e9puisement de la batterie. Ce sont deux facteurs que vous pouvez faire aborder avec nous. <\/p>\n\n<p>De plus, pendant les mois de mai et juin, nous offrirons <a href=\"https:\/\/www.assap.ad\/es\/seguros-andorra\/ventajas\/campana-vehiculo-electrico\">une r\u00e9duction<\/a> \u00e0 tous ceux qui souscrivent une assurance chez nous.<\/p>\n\n<p>Je veux dire&#8230; c&rsquo;est comme \u00e7a !! T\u00f4t ou tard, la voiture \u00e9lectrique s\u2019imposera. <\/p>\n","protected":false},"excerpt":{"rendered":"<p>Nous sommes \u00e0 l\u2019\u00e8re de la r\u00e9volution technologique. L\u2019un des changements les plus notables que nous connaissons est l\u2019int\u00e9r\u00eat que manifestent les institutions et les grandes entreprises pour adh\u00e9rer \u00e0 la n\u00e9cessit\u00e9 d\u2019\u00eatre respectueux de l\u2019environnement, en pariant sur la durabilit\u00e9 dans tous les domaines. L&rsquo;un des secteurs qui sera le plus touch\u00e9 par la [&hellip;]<\/p>\n","protected":false},"author":1,"featured_media":6231,"comment_status":"closed","ping_status":"closed","sticky":false,"template":"","format":"standard","meta":{"_acf_changed":false,"_et_pb_use_builder":"","_et_pb_old_content":"","_et_gb_content_width":"","inline_featured_image":false,"footnotes":""},"categories":[67],"tags":[],"class_list":["post-10616","post","type-post","status-publish","format-standard","has-post-thumbnail","hentry","category-bloguer"],"acf":[],"_links":{"self":[{"href":"https:\/\/www.assap.ad\/fr\/wp-json\/wp\/v2\/posts\/10616","targetHints":{"allow":["GET"]}}],"collection":[{"href":"https:\/\/www.assap.ad\/fr\/wp-json\/wp\/v2\/posts"}],"about":[{"href":"https:\/\/www.assap.ad\/fr\/wp-json\/wp\/v2\/types\/post"}],"author":[{"embeddable":true,"href":"https:\/\/www.assap.ad\/fr\/wp-json\/wp\/v2\/users\/1"}],"replies":[{"embeddable":true,"href":"https:\/\/www.assap.ad\/fr\/wp-json\/wp\/v2\/comments?post=10616"}],"version-history":[{"count":1,"href":"https:\/\/www.assap.ad\/fr\/wp-json\/wp\/v2\/posts\/10616\/revisions"}],"predecessor-version":[{"id":10618,"href":"https:\/\/www.assap.ad\/fr\/wp-json\/wp\/v2\/posts\/10616\/revisions\/10618"}],"wp:featuredmedia":[{"embeddable":true,"href":"https:\/\/www.assap.ad\/fr\/wp-json\/wp\/v2\/media\/6231"}],"wp:attachment":[{"href":"https:\/\/www.assap.ad\/fr\/wp-json\/wp\/v2\/media?parent=10616"}],"wp:term":[{"taxonomy":"category","embeddable":true,"href":"https:\/\/www.assap.ad\/fr\/wp-json\/wp\/v2\/categories?post=10616"},{"taxonomy":"post_tag","embeddable":true,"href":"https:\/\/www.assap.ad\/fr\/wp-json\/wp\/v2\/tags?post=10616"}],"curies":[{"name":"wp","href":"https:\/\/api.w.org\/{rel}","templated":true}]}}