{"id":10636,"date":"2023-08-21T20:05:00","date_gmt":"2023-08-21T18:05:00","guid":{"rendered":"https:\/\/www.assap.ad\/la-climatisation-de-la-voiture-ne-fonctionne-pas\/"},"modified":"2024-10-23T18:55:28","modified_gmt":"2024-10-23T16:55:28","slug":"la-climatisation-de-la-voiture-ne-fonctionne-pas","status":"publish","type":"post","link":"https:\/\/www.assap.ad\/fr\/assurances-andorre\/bloguer\/la-climatisation-de-la-voiture-ne-fonctionne-pas\/","title":{"rendered":"La climatisation de la voiture ne fonctionne pas"},"content":{"rendered":"\n<p><br\/>Avec l\u2019arriv\u00e9e de la chaleur, il est in\u00e9vitable de commencer \u00e0 utiliser la climatisation dans notre voiture.<\/p>\n\n<p>Que se passe-t-il lorsque l&rsquo;air froid ne sort pas ? Connaissez-vous les causes ?   <\/p>\n\n<p>Vous pouvez r\u00e9soudre certains probl\u00e8mes vous-m\u00eame, mais vous devrez malheureusement en apporter d&rsquo;autres, plus complexes, chez le m\u00e9canicien.  <\/p>\n\n<p>L\u2019une des causes les plus fr\u00e9quentes et les plus faciles \u00e0 r\u00e9soudre est le filtre, v\u00e9rifiez qu\u2019il est propre et en place.<\/p>\n\n<p>Cela peut \u00e9galement \u00eatre d\u00fb \u00e0 une perte de gaz r\u00e9frig\u00e9rant, \u00e0 une panne \u00e9lectrique qui emp\u00eache les ventilateurs de fonctionner ou au compresseur du syst\u00e8me d&rsquo;air. Ce dernier ne peut \u00eatre r\u00e9par\u00e9 que par votre m\u00e9canicien de confiance.   <\/p>\n\n<p>Une autre raison qui peut l&#8217;emp\u00eacher de fonctionner est de ne l&rsquo;utiliser que pendant l&rsquo;\u00e9t\u00e9, il faudrait l&rsquo;activer une fois par mois pendant quelques minutes en hiver. Vous n&rsquo;\u00eates pas non plus oblig\u00e9 d&rsquo;\u00eatre \u00e0 l&rsquo;int\u00e9rieur du v\u00e9hicule lorsque vous le faites, de peur d&rsquo;attraper froid, de tomber malade et de devoir utiliser <a href=\"https:\/\/www.assap.ad\/es\/seguros-andorra\/salud\/complemento-cass-basico\">notre assurance maladie<\/a> &#8230;!!!   <\/p>\n\n<p>Dans tous les cas, nous vous recommandons de toujours disposer de votre v\u00e9hicule avec des CT \u00e0 jour.<\/p>\n","protected":false},"excerpt":{"rendered":"<p>Avec l\u2019arriv\u00e9e de la chaleur, il est in\u00e9vitable de commencer \u00e0 utiliser la climatisation dans notre voiture. Que se passe-t-il lorsque l&rsquo;air froid ne sort pas ? Connaissez-vous les causes ? Vous pouvez r\u00e9soudre certains probl\u00e8mes vous-m\u00eame, mais vous devrez malheureusement en apporter d&rsquo;autres, plus complexes, chez le m\u00e9canicien. L\u2019une des causes les plus fr\u00e9quentes [&hellip;]<\/p>\n","protected":false},"author":1,"featured_media":6246,"comment_status":"closed","ping_status":"closed","sticky":false,"template":"","format":"standard","meta":{"_acf_changed":false,"_et_pb_use_builder":"","_et_pb_old_content":"","_et_gb_content_width":"","inline_featured_image":false,"footnotes":""},"categories":[67],"tags":[],"class_list":["post-10636","post","type-post","status-publish","format-standard","has-post-thumbnail","hentry","category-bloguer"],"acf":[],"_links":{"self":[{"href":"https:\/\/www.assap.ad\/fr\/wp-json\/wp\/v2\/posts\/10636","targetHints":{"allow":["GET"]}}],"collection":[{"href":"https:\/\/www.assap.ad\/fr\/wp-json\/wp\/v2\/posts"}],"about":[{"href":"https:\/\/www.assap.ad\/fr\/wp-json\/wp\/v2\/types\/post"}],"author":[{"embeddable":true,"href":"https:\/\/www.assap.ad\/fr\/wp-json\/wp\/v2\/users\/1"}],"replies":[{"embeddable":true,"href":"https:\/\/www.assap.ad\/fr\/wp-json\/wp\/v2\/comments?post=10636"}],"version-history":[{"count":1,"href":"https:\/\/www.assap.ad\/fr\/wp-json\/wp\/v2\/posts\/10636\/revisions"}],"predecessor-version":[{"id":10638,"href":"https:\/\/www.assap.ad\/fr\/wp-json\/wp\/v2\/posts\/10636\/revisions\/10638"}],"wp:featuredmedia":[{"embeddable":true,"href":"https:\/\/www.assap.ad\/fr\/wp-json\/wp\/v2\/media\/6246"}],"wp:attachment":[{"href":"https:\/\/www.assap.ad\/fr\/wp-json\/wp\/v2\/media?parent=10636"}],"wp:term":[{"taxonomy":"category","embeddable":true,"href":"https:\/\/www.assap.ad\/fr\/wp-json\/wp\/v2\/categories?post=10636"},{"taxonomy":"post_tag","embeddable":true,"href":"https:\/\/www.assap.ad\/fr\/wp-json\/wp\/v2\/tags?post=10636"}],"curies":[{"name":"wp","href":"https:\/\/api.w.org\/{rel}","templated":true}]}}