{"id":8660,"date":"2023-08-22T11:53:00","date_gmt":"2023-08-22T09:53:00","guid":{"rendered":"https:\/\/www.assap.ad\/nous-vous-expliquons-tout-ce-que-vous-devez-savoir-pour-devenir-independant-en-andorre\/"},"modified":"2025-05-29T09:19:44","modified_gmt":"2025-05-29T07:19:44","slug":"te-explicamos-necesitas-trabajar-cuenta-propia","status":"publish","type":"post","link":"https:\/\/www.assap.ad\/fr\/assurances-andorre\/bloguer\/nous-vous-expliquons-tout-ce-que-vous-devez-savoir-pour-devenir-independant-en-andorre\/","title":{"rendered":"Nous vous expliquons tout ce que vous devez savoir pour devenir ind\u00e9pendant en Andorre."},"content":{"rendered":"\n<p>Comme nous savons que le processus d&rsquo;enregistrement en tant qu&rsquo;ind\u00e9pendant g\u00e9n\u00e8re des doutes et peut \u00eatre assez lourd, nous vous expliquons aujourd&rsquo;hui, dans notre blog, tout ce que vous devez savoir pour devenir ind\u00e9pendant en Andorre.<\/p>\n\n<p>En 2020, l&rsquo;Andorre comptait <strong>plus de 7 300 travailleurs ind\u00e9pendants.<\/strong> Ce chiffre d\u00e9montre sans aucun doute l&rsquo;importance des travailleurs ind\u00e9pendants ou <em>freelances<\/em> sur le march\u00e9 du travail andorran. Il est \u00e9vident que pour exercer une activit\u00e9 ind\u00e9pendante en Andorre, il faut remplir une s\u00e9rie de conditions et effectuer diff\u00e9rentes d\u00e9marches pour <strong><a href=\"https:\/\/www.cass.ad\/compte-propi#collapse-accordion-824-1\" rel=\"nofollow noopener\" target=\"_blank\">compl\u00e9ter l&rsquo;affiliation et l&rsquo;enregistrement aupr\u00e8s de la CASS<\/a>.<\/strong> Quel type de travailleur est \u00e9ligible ? Quelle est la base de cotisation ? Comment obtenir le statut d&rsquo;ind\u00e9pendant en Andorre ?   <\/p>\n\n<p>Comme nous savons que le processus d&rsquo;enregistrement en tant qu&rsquo;ind\u00e9pendant g\u00e9n\u00e8re des doutes et peut \u00eatre assez lourd, aujourd&rsquo;hui, <strong><a href=\"https:\/\/assap.ad\/assegurances-andorra\/blog\" rel=\"nofollow noopener\" target=\"_blank\">dans notre blog<\/a><\/strong>nous vous expliquons <strong>tout ce que vous devez savoir pour devenir ind\u00e9pendant en Andorre<\/strong>.<\/p>\n\n<h2 class=\"wp-block-heading\">Travailleurs ind\u00e9pendants et free-lance, similaires mais pas \u00e9gaux<\/h2>\n\n<p>Si l&rsquo;on analyse les diff\u00e9rentes voies qui existent actuellement en Andorre pour obtenir le statut d&rsquo;ind\u00e9pendant, on peut identifier deux voies, qui sont similaires mais pas identiques.<\/p>\n\n<ul class=\"wp-block-list\">\n<li><strong>Travailleur ind\u00e9pendant<\/strong>: par <strong><a href=\"https:\/\/www.ccis.ad\/https-www-ccis-ad-wp-content-uploads-2019-02-creacio-dempreses-i-constitucio-de-societats-pdf\/\" rel=\"nofollow noopener\" target=\"_blank\">la cr\u00e9ation d&rsquo;une soci\u00e9t\u00e9 ayant une activit\u00e9 commerciale<\/a><\/strong>Travailleur ind\u00e9pendant : en agissant en tant qu&rsquo;administrateur de la soci\u00e9t\u00e9, en \u00e9tant membre du conseil d&rsquo;administration ou en occupant un poste de direction au sein de la soci\u00e9t\u00e9.<\/li>\n\n\n\n<li><strong>Professionnel lib\u00e9ral avec une profession qualifi\u00e9e<\/strong>: cette option est r\u00e9serv\u00e9e uniquement \u00e0 des professions sp\u00e9cifiques d\u00fbment accr\u00e9dit\u00e9es.<\/li>\n\n\n\n<li><strong>Les personnes qui exercent leur activit\u00e9 sans cr\u00e9er de soci\u00e9t\u00e9 (SL, SA, SLU&#8230;<\/strong>) : dans ces cas, le travailleur ind\u00e9pendant devra r\u00e9server un nom commercial, ouvrir une entreprise sous le nom commercial (pr\u00e9alablement valid\u00e9) et enfin s&rsquo;inscrire et se faire enregistrer comme travailleur ind\u00e9pendant aupr\u00e8s de la CASS.<\/li>\n<\/ul>\n\n<h2 class=\"wp-block-heading\">Quelle est la principale diff\u00e9rence entre un travailleur ind\u00e9pendant et un freelance ?<\/h2>\n\n<figure class=\"wp-block-image size-full\"><img loading=\"lazy\" decoding=\"async\" width=\"800\" height=\"488\" src=\"https:\/\/www.assap.ad\/wp-content\/uploads\/2024\/08\/compte-propi-andorra01.jpg\" alt=\"\" class=\"wp-image-5017\" srcset=\"https:\/\/www.assap.ad\/wp-content\/uploads\/2024\/08\/compte-propi-andorra01.jpg 800w, https:\/\/www.assap.ad\/wp-content\/uploads\/2024\/08\/compte-propi-andorra01-480x293.jpg 480w\" sizes=\"(min-width: 0px) and (max-width: 480px) 480px, (min-width: 481px) 800px, 100vw\" \/><figcaption class=\"wp-element-caption\">Travailleur de la construction avec un casque de s\u00e9curit\u00e9 orange dans la main. Th\u00e8me de la s\u00e9curit\u00e9 industrielle. <\/figcaption><\/figure>\n\n<p><br\/>\u00c0 titre d&rsquo;exemple, certaines des professions qui pourraient \u00eatre incluses dans la cat\u00e9gorie des <strong><a href=\"https:\/\/www.assap.ad\/fr\/professions-liberales\/\">professionnels lib\u00e9raux<\/a><\/strong> seraient les avocats, les architectes, les m\u00e9decins, les techniciens et, en g\u00e9n\u00e9ral, les personnes qui travaillent de mani\u00e8re ind\u00e9pendante en tant que consultants et qui fondent leur activit\u00e9 sur leur intellect.<\/p>\n\n<p>Au contraire, toutes les professions qui n\u00e9cessitent l&rsquo;utilisation essentielle d&rsquo;une ou plusieurs comp\u00e9tences manuelles, comme un ouvrier du b\u00e2timent ou un \u00e9leveur, ne peuvent \u00eatre consid\u00e9r\u00e9es comme des professions lib\u00e9rales.<\/p>\n\n<h2 class=\"wp-block-heading\">Quelles sont les conditions \u00e0 remplir pour demander un permis de travail ind\u00e9pendant ?<\/h2>\n\n<p>R\u00e9sidence permanente en Andorre pour un minimum de 183 jours par an. ?<\/p>\n\n<p>Cotiser \u00e0 la CASS en tant qu&rsquo;ind\u00e9pendant dans l&rsquo;une des huit tranches de cotisation en fonction du chiffre d&rsquo;affaires et du revenu net. ?<\/p>\n\n<p>Cr\u00e9er une entreprise ou d\u00e9tenir une participation de plus de 20 % dans une entreprise andorrane et occuper en outre un poste au sein du conseil d&rsquo;administration de l&rsquo;entreprise. ?<\/p>\n\n<p>Pour \u00eatre un professionnel lib\u00e9ral. ?<\/p>\n\n<figure class=\"wp-block-image size-full\"><img loading=\"lazy\" decoding=\"async\" width=\"800\" height=\"533\" src=\"https:\/\/www.assap.ad\/wp-content\/uploads\/2024\/08\/compte-propi-andorra03.jpg\" alt=\"\" class=\"wp-image-5018\" srcset=\"https:\/\/www.assap.ad\/wp-content\/uploads\/2024\/08\/compte-propi-andorra03.jpg 800w, https:\/\/www.assap.ad\/wp-content\/uploads\/2024\/08\/compte-propi-andorra03-480x320.jpg 480w\" sizes=\"(min-width: 0px) and (max-width: 480px) 480px, (min-width: 481px) 800px, 100vw\" \/><figcaption class=\"wp-element-caption\">Clients et travailleur dans une boulangerie<\/figcaption><\/figure>\n\n<h2 class=\"wp-block-heading\">Quelle est la proc\u00e9dure d&rsquo;affiliation et d&rsquo;enregistrement en tant que travailleur ind\u00e9pendant ?<\/h2>\n\n<p>Comme indiqu\u00e9 sur le <strong><a href=\"https:\/\/www.cass.ad\/compte-propi\" rel=\"nofollow noopener\" target=\"_blank\">site de la CASS<\/a><\/strong>toute personne qui souhaite d\u00e9marrer une activit\u00e9 ind\u00e9pendante et qui n&rsquo;est pas d\u00e9j\u00e0 affili\u00e9e \u00e0 l&rsquo;ordre des ind\u00e9pendants est tenue de demander son affiliation.<\/p>\n\n<p>Elles doivent \u00eatre inscrites dans les 3 jours suivant le d\u00e9but de l&rsquo;activit\u00e9, sauf dans le cas de la constitution de nouvelles soci\u00e9t\u00e9s, o\u00f9 l&rsquo;obligation de l&rsquo;administrateur de payer les cotisations commence 30 jours civils apr\u00e8s l&rsquo;inscription au registre des soci\u00e9t\u00e9s. En m\u00eame temps, les documents suivants doivent \u00eatre pr\u00e9sent\u00e9s au d\u00e9partement de contr\u00f4le administratif. <\/p>\n\n<figure class=\"wp-block-image size-full\"><img loading=\"lazy\" decoding=\"async\" width=\"800\" height=\"533\" src=\"https:\/\/www.assap.ad\/wp-content\/uploads\/2024\/08\/compte-propi-andorra02.jpg\" alt=\"\" class=\"wp-image-5019\" srcset=\"https:\/\/www.assap.ad\/wp-content\/uploads\/2024\/08\/compte-propi-andorra02.jpg 800w, https:\/\/www.assap.ad\/wp-content\/uploads\/2024\/08\/compte-propi-andorra02-480x320.jpg 480w\" sizes=\"(min-width: 0px) and (max-width: 480px) 480px, (min-width: 481px) 800px, 100vw\" \/><figcaption class=\"wp-element-caption\">Architecte d&rsquo;int\u00e9rieur ou architecte examinant des plans et tenant un dessin au crayon sur un bureau \u00e0 domicile.<\/figcaption><\/figure>\n\n<p><strong><a href=\"https:\/\/www.cass.ad\/tramits\/cass-0055\" rel=\"nofollow noopener\" target=\"_blank\">Formulaire CASS-0055<\/a><\/strong><\/p>\n\n<p>Num\u00e9ro d&rsquo;enregistrement fiscal (NIF)<\/p>\n\n<p>Registre du commerce et de l&rsquo;industrie<\/p>\n\n<p>Registre des professionnels lib\u00e9raux<\/p>\n\n<p>Registre des exploitations agricoles<\/p>\n\n<p>Registre des soci\u00e9t\u00e9s<\/p>\n\n<p>Statuts (le cas \u00e9ch\u00e9ant)<\/p>\n\n<h2 class=\"wp-block-heading\">Quelles sont les bases de cotisation pour les travailleurs ind\u00e9pendants ?<\/h2>\n\n<p>La cotisation mensuelle d&rsquo;affiliation des travailleurs ind\u00e9pendants est calcul\u00e9e sur la base des donn\u00e9es \u00e9conomiques de leur entreprise et avec <strong><a href=\"https:\/\/www.cass.ad\/cotitzacions-del-treballadors-per-compte-propi\" rel=\"nofollow noopener\" target=\"_blank\">les nouvelles bases de cotisation pr\u00e9vues par la loi 9\/2019 sur la CASS<\/a><\/strong>de 25 %, 50 %, 62,5 %, 75 %, 100 %, 125 % et 137,5 % du salaire mensuel moyen de l&rsquo;ann\u00e9e pr\u00e9c\u00e9dente (2 158,40 euros\/mois). Les crit\u00e8res suivants sont \u00e9galement pris en compte : <\/p>\n\n<ul class=\"wp-block-list\">\n<li>Le revenu net qu&rsquo;ils obtiennent pour l&rsquo;exercice de leur activit\u00e9 commerciale ou professionnelle.<\/li>\n\n\n\n<li>Chiffre d&rsquo;affaires li\u00e9 \u00e0 l&rsquo;activit\u00e9 \u00e9conomique relative aux services professionnels et aux services aux entreprises ou aux activit\u00e9s commerciales.<\/li>\n<\/ul>\n\n<p>Les donn\u00e9es pour 2020 ont montr\u00e9 que 65 % des ind\u00e9pendants ont maintenu leur cotisation de base, qui s&rsquo;\u00e9l\u00e8ve cette ann\u00e9e \u00e0 474,85 \u20ac, en ajoutant les 215,84 \u20ac correspondant \u00e0 10 % de la branche g\u00e9n\u00e9rale et les 259,01 \u20ac correspondant \u00e0 12 % de la branche retraite. En tout \u00e9tat de cause, le r\u00e9gime des ind\u00e9pendants comporte huit tranches de cotisation diff\u00e9rentes en fonction du chiffre d&rsquo;affaires et du revenu net de chaque ind\u00e9pendant (voir tableau ci-dessous). <\/p>\n\n<figure class=\"wp-block-table\"><table class=\"has-fixed-layout\"><thead><tr><th>% de l&rsquo;assiette des cotisations<\/th><th>Base de contribution globale<\/th><th>Quota<\/th><\/tr><\/thead><tbody><tr><td>25%<\/td><td>539,6 \u20ac<\/td><td>118,71\u20ac<\/td><\/tr><tr><td>50%<\/td><td>1079,2 \u20ac<\/td><td>254,73 \u20ac<\/td><\/tr><tr><td>62,5%<\/td><td>1349 \u20ac<\/td><td>296,78\u20ac<\/td><\/tr><tr><td>75%<\/td><td>1.618,8 \u20ac<\/td><td>356,14\u20ac<\/td><\/tr><tr><td>100 %<\/td><td>2.158,40 \u20ac<\/td><td>474,85\u20ac<\/td><\/tr><tr><td>125%<\/td><td>2.698 \u20ac<\/td><td>593,56\u20ac<\/td><\/tr><tr><td>137%<\/td><td>2.957 \u20ac<\/td><td>652,92\u20ac<\/td><\/tr><\/tbody><\/table><\/figure>\n\n<p>Vous souhaitez obtenir plus d&rsquo;informations ou des conseils personnalis\u00e9s sur nos services d&rsquo;assurance pour les entreprises ? <strong><a href=\"https:\/\/assap.ad\/es\/seguros-andorra\/responsabilidad-civil-empreses\" rel=\"nofollow noopener\" target=\"_blank\">l&rsquo;assurance des entreprises<\/a><\/strong>? <strong><a href=\"https:\/\/assap.ad\/es\/solicitar-presupuesto\" rel=\"nofollow noopener\" target=\"_blank\">Demandez un devis gratuit<\/a><\/strong> sans engagement sur notre site.<\/p>\n\n<p><a href=\"https:\/\/www.assap.ad\/fr\/contact\/\">CONTACT<\/a><\/p>\n","protected":false},"excerpt":{"rendered":"<p>Comme nous savons que le processus d&rsquo;enregistrement en tant qu&rsquo;ind\u00e9pendant g\u00e9n\u00e8re des doutes et peut \u00eatre assez lourd, nous vous expliquons aujourd&rsquo;hui, dans notre blog, tout ce que vous devez savoir pour devenir ind\u00e9pendant en Andorre. En 2020, l&rsquo;Andorre comptait plus de 7 300 travailleurs ind\u00e9pendants. Ce chiffre d\u00e9montre sans aucun doute l&rsquo;importance des travailleurs [&hellip;]<\/p>\n","protected":false},"author":1,"featured_media":6549,"comment_status":"closed","ping_status":"closed","sticky":false,"template":"","format":"standard","meta":{"_acf_changed":false,"_et_pb_use_builder":"","_et_pb_old_content":"","_et_gb_content_width":"","inline_featured_image":false,"footnotes":""},"categories":[67],"tags":[],"class_list":["post-8660","post","type-post","status-publish","format-standard","has-post-thumbnail","hentry","category-bloguer"],"acf":[],"_links":{"self":[{"href":"https:\/\/www.assap.ad\/fr\/wp-json\/wp\/v2\/posts\/8660","targetHints":{"allow":["GET"]}}],"collection":[{"href":"https:\/\/www.assap.ad\/fr\/wp-json\/wp\/v2\/posts"}],"about":[{"href":"https:\/\/www.assap.ad\/fr\/wp-json\/wp\/v2\/types\/post"}],"author":[{"embeddable":true,"href":"https:\/\/www.assap.ad\/fr\/wp-json\/wp\/v2\/users\/1"}],"replies":[{"embeddable":true,"href":"https:\/\/www.assap.ad\/fr\/wp-json\/wp\/v2\/comments?post=8660"}],"version-history":[{"count":2,"href":"https:\/\/www.assap.ad\/fr\/wp-json\/wp\/v2\/posts\/8660\/revisions"}],"predecessor-version":[{"id":12646,"href":"https:\/\/www.assap.ad\/fr\/wp-json\/wp\/v2\/posts\/8660\/revisions\/12646"}],"wp:featuredmedia":[{"embeddable":true,"href":"https:\/\/www.assap.ad\/fr\/wp-json\/wp\/v2\/media\/6549"}],"wp:attachment":[{"href":"https:\/\/www.assap.ad\/fr\/wp-json\/wp\/v2\/media?parent=8660"}],"wp:term":[{"taxonomy":"category","embeddable":true,"href":"https:\/\/www.assap.ad\/fr\/wp-json\/wp\/v2\/categories?post=8660"},{"taxonomy":"post_tag","embeddable":true,"href":"https:\/\/www.assap.ad\/fr\/wp-json\/wp\/v2\/tags?post=8660"}],"curies":[{"name":"wp","href":"https:\/\/api.w.org\/{rel}","templated":true}]}}