{"id":8672,"date":"2024-07-26T18:20:00","date_gmt":"2024-07-26T16:20:00","guid":{"rendered":"https:\/\/www.assap.ad\/lequipe-dassap-assegurances-participe-a-la-5eme-edition-du-skimo-feminin\/"},"modified":"2025-05-23T17:00:37","modified_gmt":"2025-05-23T15:00:37","slug":"equipo-assap-assegurances-participa-5a-edicion","status":"publish","type":"post","link":"https:\/\/www.assap.ad\/fr\/assurances-andorre\/bloguer\/lequipe-dassap-assegurances-participe-a-la-5eme-edition-du-skimo-feminin\/","title":{"rendered":"L&rsquo;\u00e9quipe d&rsquo;Assap Assegurances participe \u00e0 la 5\u00e8me \u00e9dition du Skimo F\u00e9minin"},"content":{"rendered":"\n<p>Chez Assap Assegurances, nous sommes fiers de participer aux \u00e9v\u00e9nements de solidarit\u00e9 et nous gardons intacte notre volont\u00e9 de continuer \u00e0 promouvoir et \u00e0 d\u00e9fendre le r\u00f4le des femmes dans le sport f\u00e9minin et dans tous les domaines de notre soci\u00e9t\u00e9.<\/p>\n\n<p>Apr\u00e8s l&rsquo;annulation forc\u00e9e en 2021 en raison de la pand\u00e9mie, le <strong>secteur du Pla de la Caubella<\/strong> \u00e0 <strong>Pal Arinsal <\/strong>a accueilli, le<strong> 6 mars<\/strong> dernier, la <strong>cinqui\u00e8me \u00e9dition de la Skimo Femenino<\/strong> avec une double course dans les modalit\u00e9s du ski alpinisme et de la raquette \u00e0 neige. Comme lors des \u00e9ditions pr\u00e9c\u00e9dentes, Assap Seguros a de nouveau sponsoris\u00e9 la course et, en m\u00eame temps, a particip\u00e9 activement \u00e0 la comp\u00e9tition, en <strong>formant une \u00e9quipe dans la cat\u00e9gorie raquettes \u00e0 neige<\/strong>, un parcours de 3,4 km jusqu&rsquo;au Plan de la Cot et retour au Plau de la Caubella. <\/p>\n\n<h2 class=\"wp-block-heading\">C\u00e9l\u00e9bration anticip\u00e9e de la Journ\u00e9e internationale de la femme et promotion des sports de neige dans le secteur f\u00e9minin.<\/h2>\n\n<figure class=\"wp-block-image size-full\"><img loading=\"lazy\" decoding=\"async\" width=\"850\" height=\"638\" src=\"https:\/\/www.assap.ad\/wp-content\/uploads\/2024\/08\/skimoassap5_2022.jpg\" alt=\"\" class=\"wp-image-4689\" title=\"cinqui&#xE8;me &#xE9;dition du Skimo Femenino\" srcset=\"https:\/\/www.assap.ad\/wp-content\/uploads\/2024\/08\/skimoassap5_2022.jpg 850w, https:\/\/www.assap.ad\/wp-content\/uploads\/2024\/08\/skimoassap5_2022-480x360.jpg 480w\" sizes=\"(min-width: 0px) and (max-width: 480px) 480px, (min-width: 481px) 850px, 100vw\" \/><\/figure>\n\n<p>S&rsquo;il est un aspect qui caract\u00e9rise la Pal Arinsal Women&rsquo;s Skimo, c&rsquo;est sans aucun doute son <strong>caract\u00e8re solidaire et revendicatif<\/strong>. En ce sens, la course a \u00e9t\u00e9 l&rsquo;occasion pour toutes les participantes<strong>(315 dossards pour les deux modalit\u00e9s<\/strong>) de c\u00e9l\u00e9brer, \u00e0 l&rsquo;avance et avec le sport comme fil conducteur, la<strong> Journ\u00e9e internationale de la femme<\/strong> et, en m\u00eame temps, de revendiquer le r\u00f4le des femmes dans les sports de neige.<br\/><br\/><br\/>Quant \u00e0 l&rsquo;aspect solidaire, tout l&rsquo;argent r\u00e9colt\u00e9 avec les 315 coureurs (les hommes pouvaient participer, mais sans score) \u00e9tait enti\u00e8rement destin\u00e9 \u00e0 une entit\u00e9 du pays, \u00e0 savoir l&rsquo;<strong>Association des Autistes d&rsquo;Andorre (Autea<\/strong>).<\/p>\n\n<h2 class=\"wp-block-heading\">\u00a0<\/h2>\n\n<h2 class=\"wp-block-heading\"><br\/>Les gagnants de la journ\u00e9e de solidarit\u00e9 \u00e0 100<\/h2>\n\n<figure class=\"wp-block-image size-full\"><img loading=\"lazy\" decoding=\"async\" width=\"850\" height=\"742\" src=\"https:\/\/www.assap.ad\/wp-content\/uploads\/2024\/08\/skimoassap_2022.jpg\" alt=\"\" class=\"wp-image-4688\" srcset=\"https:\/\/www.assap.ad\/wp-content\/uploads\/2024\/08\/skimoassap_2022.jpg 850w, https:\/\/www.assap.ad\/wp-content\/uploads\/2024\/08\/skimoassap_2022-480x419.jpg 480w\" sizes=\"(min-width: 0px) and (max-width: 480px) 480px, (min-width: 481px) 850px, 100vw\" \/><\/figure>\n\n<p>Bien qu&rsquo;elle ne soit pas la plus importante, la course de ski alpinisme a \u00e9t\u00e9 remport\u00e9e par Loli Mellado, avec un temps de 37 minutes et 53 secondes. Dans la course de raquettes \u00e0 neige, \u00e0 laquelle l&rsquo;\u00e9quipe d&rsquo;Assap Assegurances a particip\u00e9, la participante la plus rapide \u00e0 parcourir les 3,4 km a \u00e9t\u00e9 Marina Vishniakova, avec un temps de 26 minutes et 47 secondes. <br\/><br\/><br\/>La journ\u00e9e s&rsquo;est termin\u00e9e par un repas de charit\u00e9 et une soir\u00e9e apr\u00e8s-ski. Chez Assap Assegurances, nous sommes fiers de participer aux \u00e9v\u00e9nements de solidarit\u00e9 et nous gardons intacte notre volont\u00e9 de continuer \u00e0 promouvoir et \u00e0 d\u00e9fendre le r\u00f4le des femmes dans le sport f\u00e9minin et dans tous les domaines de notre soci\u00e9t\u00e9.<\/p>\n","protected":false},"excerpt":{"rendered":"<p>Chez Assap Assegurances, nous sommes fiers de participer aux \u00e9v\u00e9nements de solidarit\u00e9 et nous gardons intacte notre volont\u00e9 de continuer \u00e0 promouvoir et \u00e0 d\u00e9fendre le r\u00f4le des femmes dans le sport f\u00e9minin et dans tous les domaines de notre soci\u00e9t\u00e9. Apr\u00e8s l&rsquo;annulation forc\u00e9e en 2021 en raison de la pand\u00e9mie, le secteur du Pla [&hellip;]<\/p>\n","protected":false},"author":1,"featured_media":6198,"comment_status":"closed","ping_status":"closed","sticky":false,"template":"","format":"standard","meta":{"_acf_changed":false,"_et_pb_use_builder":"","_et_pb_old_content":"","_et_gb_content_width":"","inline_featured_image":false,"footnotes":""},"categories":[67],"tags":[],"class_list":["post-8672","post","type-post","status-publish","format-standard","has-post-thumbnail","hentry","category-bloguer"],"acf":[],"_links":{"self":[{"href":"https:\/\/www.assap.ad\/fr\/wp-json\/wp\/v2\/posts\/8672","targetHints":{"allow":["GET"]}}],"collection":[{"href":"https:\/\/www.assap.ad\/fr\/wp-json\/wp\/v2\/posts"}],"about":[{"href":"https:\/\/www.assap.ad\/fr\/wp-json\/wp\/v2\/types\/post"}],"author":[{"embeddable":true,"href":"https:\/\/www.assap.ad\/fr\/wp-json\/wp\/v2\/users\/1"}],"replies":[{"embeddable":true,"href":"https:\/\/www.assap.ad\/fr\/wp-json\/wp\/v2\/comments?post=8672"}],"version-history":[{"count":2,"href":"https:\/\/www.assap.ad\/fr\/wp-json\/wp\/v2\/posts\/8672\/revisions"}],"predecessor-version":[{"id":12643,"href":"https:\/\/www.assap.ad\/fr\/wp-json\/wp\/v2\/posts\/8672\/revisions\/12643"}],"wp:featuredmedia":[{"embeddable":true,"href":"https:\/\/www.assap.ad\/fr\/wp-json\/wp\/v2\/media\/6198"}],"wp:attachment":[{"href":"https:\/\/www.assap.ad\/fr\/wp-json\/wp\/v2\/media?parent=8672"}],"wp:term":[{"taxonomy":"category","embeddable":true,"href":"https:\/\/www.assap.ad\/fr\/wp-json\/wp\/v2\/categories?post=8672"},{"taxonomy":"post_tag","embeddable":true,"href":"https:\/\/www.assap.ad\/fr\/wp-json\/wp\/v2\/tags?post=8672"}],"curies":[{"name":"wp","href":"https:\/\/api.w.org\/{rel}","templated":true}]}}