{"id":8716,"date":"2024-08-03T16:55:34","date_gmt":"2024-08-03T14:55:34","guid":{"rendered":"https:\/\/www.assap.ad\/securisez-votre-entreprise-securisez-votre-avenir\/"},"modified":"2025-03-21T17:06:24","modified_gmt":"2025-03-21T16:06:24","slug":"securisez-votre-entreprise-securisez-votre-avenir","status":"publish","type":"post","link":"https:\/\/www.assap.ad\/fr\/assurances-andorre\/bloguer\/securisez-votre-entreprise-securisez-votre-avenir\/","title":{"rendered":"S\u00e9curisez votre entreprise, s\u00e9curisez votre avenir !"},"content":{"rendered":"\n<p>Les politiques de l&rsquo;ASSAP vous permettront de minimiser les risques et les craintes.<\/p>\n\n<p>Les \u00c9tats du monde entier sont conscients de l&rsquo;<strong>importance<\/strong> pour leur \u00e9conomie que leur <strong>r\u00e9seau de petites et moyennes entreprises<\/strong> constitue une structure solide, comp\u00e9titive et innovante. Pour souligner ce fait, m\u00eame l&rsquo;<strong>Assembl\u00e9e g\u00e9n\u00e9rale des Nations unies<\/strong> a d\u00e9cid\u00e9 de d\u00e9clarer le 27 juin Journ\u00e9e mondiale des micro, petites et moyennes entreprises, afin de sensibiliser le public \u00e0 leur contribution au d\u00e9veloppement durable et \u00e0 l&rsquo;\u00e9conomie mondiale. <\/p>\n\n<p><br\/>Il convient de rappeler que, pendant et apr\u00e8s la pand\u00e9mie caus\u00e9e par le Coronavirus, c&rsquo;est l&rsquo;un des secteurs qui a le plus souffert en termes de r\u00e9sistance et de mise en \u0153uvre de ses pratiques \u00e9conomiques. Si ouvrir et d\u00e9marrer une entreprise ou une activit\u00e9 \u00e9conomique est d\u00e9j\u00e0 une t\u00e2che lourde et risqu\u00e9e, <strong>le contexte \u00e9conomique dans lequel nous nous trouvons<\/strong> peut nous faire h\u00e9siter ou renoncer \u00e0 lancer une nouvelle entreprise ou \u00e0 abandonner celle que nous pilotons. <\/p>\n\n<h2 class=\"wp-block-heading\">Andorre, un pays d&rsquo;avenir<\/h2>\n\n<figure class=\"wp-block-image size-full\"><img loading=\"lazy\" decoding=\"async\" width=\"1000\" height=\"684\" src=\"https:\/\/www.assap.ad\/wp-content\/uploads\/2024\/08\/asseguranca-PIMES-2.jpg\" alt=\"\" class=\"wp-image-4254\" srcset=\"https:\/\/www.assap.ad\/wp-content\/uploads\/2024\/08\/asseguranca-PIMES-2.jpg 1000w, https:\/\/www.assap.ad\/wp-content\/uploads\/2024\/08\/asseguranca-PIMES-2-980x670.jpg 980w, https:\/\/www.assap.ad\/wp-content\/uploads\/2024\/08\/asseguranca-PIMES-2-480x328.jpg 480w\" sizes=\"(min-width: 0px) and (max-width: 480px) 480px, (min-width: 481px) and (max-width: 980px) 980px, (min-width: 981px) 1000px, 100vw\" \/><\/figure>\n\n<p><br\/>Ces derni\u00e8res ann\u00e9es, l&rsquo;<strong>int\u00e9r\u00eat pour l&rsquo;investissement ou l&rsquo;ouverture d&rsquo;une entreprise en Andorre a consid\u00e9rablement augment\u00e9<\/strong>, que ce soit en raison des avantages fiscaux ou de la qualit\u00e9 de vie qu&rsquo;offre la Principaut\u00e9, et de nombreux entrepreneurs ont choisi de s&rsquo;installer dans le petit pays pyr\u00e9n\u00e9en pour d\u00e9velopper leurs projets. En ce sens, la tendance \u00e9tablie par les entrepreneurs de toute l&rsquo;Europe et le gouvernement andorran lui-m\u00eame est de promouvoir une \u00e9conomie num\u00e9rique, o\u00f9 de nombreuses entreprises ont concentr\u00e9 leur attention afin de pouvoir<strong>op\u00e9rer depuis la Principaut\u00e9 pour un march\u00e9 mondial<\/strong>.<br\/>L&rsquo;un des piliers sur lesquels repose le d\u00e9veloppement de l&rsquo;\u00e9conomie pour les innovateurs et les entrepreneurs est l&rsquo;attraction de nouveaux talents, afin d&rsquo;obtenir des connaissances et de l&rsquo;exp\u00e9rience dans de nouveaux domaines, <strong>en \u00e9change d&rsquo;excellentes conditions<\/strong> pour la cr\u00e9ation et la croissance des entreprises. La preuve fiable que l&rsquo;Andorre est engag\u00e9e dans l&rsquo;ouverture \u00e9conomique est la loi du 21 juin 2021 sur l&rsquo;investissement \u00e9tranger dans la Principaut\u00e9 d&rsquo;Andorre, qui permet la cr\u00e9ation d&rsquo;entreprises et de soci\u00e9t\u00e9s dans le pays avec un apport de capital de 100 % d&rsquo;origine \u00e9trang\u00e8re. <\/p>\n\n<h2 class=\"wp-block-heading\">Avec ASSAP, vous minimiserez les risques et les craintes.<\/h2>\n\n<p><br\/>Chez <strong>ASSAP <\/strong>, nous sommes conscients de l&rsquo;importance que rev\u00eat votre entreprise pour vous, en raison de l&rsquo;effort \u00e9conomique et personnel qui est investi au moment de lancer un nouveau projet ou de le maintenir \u00e0 flot et de faire face aux multiples risques qui apparaissent chaque jour. C&rsquo;est pourquoi <strong>, chez ASSAP, nous vous proposons une police d&rsquo;assurance sur mesure<\/strong> pour votre projet, avec les garanties dont vous avez besoin dans une police qui couvre les risques li\u00e9s \u00e0 votre activit\u00e9 \u00e9conomique, couvrant les responsabilit\u00e9s qui vous incombent ainsi qu&rsquo;\u00e0 vos employ\u00e9s. <\/p>\n\n<p>Si votre entreprise est une PME, l&rsquo;<a href=\"https:\/\/assap.ad\/es\/seguros-andorra\/pymes\" rel=\"nofollow noopener\" target=\"_blank\">assurance multirisque pour PME<\/a> couvre les garanties de base les plus courantes telles que l&rsquo;incendie, le vol et l&rsquo;exploitation, sans oublier <strong>les garanties plus sp\u00e9cifiques<\/strong> qui d\u00e9pendent du type d&rsquo;activit\u00e9 exerc\u00e9 par l&rsquo;entreprise et de ses sp\u00e9cificit\u00e9s. Il convient de rappeler que, dans le cas d&rsquo;une entreprise, il s&rsquo;agit d&rsquo;une assurance obligatoire, mais au-del\u00e0 de son caract\u00e8re obligatoire, chez ASSAP nous consid\u00e9rons qu&rsquo;il s&rsquo;agit d&rsquo;un <strong>engagement de tranquillit\u00e9<\/strong> et, \u00e0 ce titre, la couverture suppl\u00e9mentaire offerte par les polices ASSAP pour les PME envisage la r\u00e9paration des dommages et des pertes qui r\u00e9duisent la possibilit\u00e9 de naufrage du bateau.   <\/p>\n\n<p><\/p>\n\n<blockquote class=\"wp-block-quote is-layout-flow wp-block-quote-is-layout-flow\">\n<p>Vous souhaitez recevoir plus d&rsquo;informations sur nos services d&rsquo;assurance pour les entreprises et les PME ? Demandez d\u00e8s maintenant un devis gratuit sur notre site web. <\/p>\n<\/blockquote>\n","protected":false},"excerpt":{"rendered":"<p>Les politiques de l&rsquo;ASSAP vous permettront de minimiser les risques et les craintes. Les \u00c9tats du monde entier sont conscients de l&rsquo;importance pour leur \u00e9conomie que leur r\u00e9seau de petites et moyennes entreprises constitue une structure solide, comp\u00e9titive et innovante. Pour souligner ce fait, m\u00eame l&rsquo;Assembl\u00e9e g\u00e9n\u00e9rale des Nations unies a d\u00e9cid\u00e9 de d\u00e9clarer le [&hellip;]<\/p>\n","protected":false},"author":1,"featured_media":6129,"comment_status":"closed","ping_status":"closed","sticky":false,"template":"","format":"standard","meta":{"_acf_changed":false,"_et_pb_use_builder":"","_et_pb_old_content":"","_et_gb_content_width":"","inline_featured_image":false,"footnotes":""},"categories":[67],"tags":[],"class_list":["post-8716","post","type-post","status-publish","format-standard","has-post-thumbnail","hentry","category-bloguer"],"acf":[],"_links":{"self":[{"href":"https:\/\/www.assap.ad\/fr\/wp-json\/wp\/v2\/posts\/8716","targetHints":{"allow":["GET"]}}],"collection":[{"href":"https:\/\/www.assap.ad\/fr\/wp-json\/wp\/v2\/posts"}],"about":[{"href":"https:\/\/www.assap.ad\/fr\/wp-json\/wp\/v2\/types\/post"}],"author":[{"embeddable":true,"href":"https:\/\/www.assap.ad\/fr\/wp-json\/wp\/v2\/users\/1"}],"replies":[{"embeddable":true,"href":"https:\/\/www.assap.ad\/fr\/wp-json\/wp\/v2\/comments?post=8716"}],"version-history":[{"count":1,"href":"https:\/\/www.assap.ad\/fr\/wp-json\/wp\/v2\/posts\/8716\/revisions"}],"predecessor-version":[{"id":8717,"href":"https:\/\/www.assap.ad\/fr\/wp-json\/wp\/v2\/posts\/8716\/revisions\/8717"}],"wp:featuredmedia":[{"embeddable":true,"href":"https:\/\/www.assap.ad\/fr\/wp-json\/wp\/v2\/media\/6129"}],"wp:attachment":[{"href":"https:\/\/www.assap.ad\/fr\/wp-json\/wp\/v2\/media?parent=8716"}],"wp:term":[{"taxonomy":"category","embeddable":true,"href":"https:\/\/www.assap.ad\/fr\/wp-json\/wp\/v2\/categories?post=8716"},{"taxonomy":"post_tag","embeddable":true,"href":"https:\/\/www.assap.ad\/fr\/wp-json\/wp\/v2\/tags?post=8716"}],"curies":[{"name":"wp","href":"https:\/\/api.w.org\/{rel}","templated":true}]}}